{"id":772,"date":"2015-07-10T11:03:41","date_gmt":"2015-07-10T10:03:41","guid":{"rendered":"http:\/\/inrameknes.info\/?p=772"},"modified":"2015-07-10T11:03:41","modified_gmt":"2015-07-10T10:03:41","slug":"le-crra-meknes-et-lena-meknes-consolident-leur-partenariat-strategique","status":"publish","type":"post","link":"https:\/\/inrameknes.info\/?p=772","title":{"rendered":"Le CRRA Mekn\u00e8s et l&rsquo;ENA Mekn\u00e8s consolident leur partenariat strat\u00e9gique"},"content":{"rendered":"<div id=\"attachment_773\" style=\"width: 610px\" class=\"wp-caption alignleft\"><a href=\"http:\/\/inrameknes.info\/wp-content\/uploads\/2015\/07\/ParticpantEs-\u00e0-la-r\u00e9union-INRA-Mekn\u00e8s-ENA-Mekn\u00e8s-du-09-juillet-2015.jpg\"><img loading=\"lazy\" decoding=\"async\" aria-describedby=\"caption-attachment-773\" class=\"size-full wp-image-773\" src=\"http:\/\/inrameknes.info\/wp-content\/uploads\/2015\/07\/ParticpantEs-\u00e0-la-r\u00e9union-INRA-Mekn\u00e8s-ENA-Mekn\u00e8s-du-09-juillet-2015.jpg\" alt=\"ParticpantEs \u00e0 la r\u00e9union INRA Mekn\u00e8s-ENA Mekn\u00e8s du 09 juillet 2015\" width=\"600\" height=\"343\" srcset=\"https:\/\/inrameknes.info\/wp-content\/uploads\/2015\/07\/ParticpantEs-\u00e0-la-r\u00e9union-INRA-Mekn\u00e8s-ENA-Mekn\u00e8s-du-09-juillet-2015.jpg 600w, https:\/\/inrameknes.info\/wp-content\/uploads\/2015\/07\/ParticpantEs-\u00e0-la-r\u00e9union-INRA-Mekn\u00e8s-ENA-Mekn\u00e8s-du-09-juillet-2015-300x171.jpg 300w\" sizes=\"auto, (max-width: 600px) 100vw, 600px\" \/><\/a><p id=\"caption-attachment-773\" class=\"wp-caption-text\">ParticpantEs \u00e0 la r\u00e9union INRA Mekn\u00e8s-ENA Mekn\u00e8s du 09 juillet 2015<\/p><\/div>\n<p>Une importante r\u00e9union a \u00e9t\u00e9 tenue ce jeudi 09 juillet 2015 au sujet de l&rsquo;identification de nouvelles opportunit\u00e9s de consolidation du partenariat <a href=\"http:\/\/www.inra.org.ma\" target=\"_blank\">INRA <\/a>&#8211; <a href=\"http:\/\/www.enameknes.ma\/\" target=\"_blank\">ENA <\/a>Mekn\u00e8s. Intervenue \u00e0 l&rsquo;initiative de l&rsquo;INRA Mekn\u00e8s, cette r\u00e9union a rassembl\u00e9 les membres du Conseil R\u00e9gional Scientifique et de Gestion du CRRA Mekn\u00e8s (1) aux membres de la Commission Recherche de l&rsquo;ENA Mekn\u00e8s (2).<\/p>\n<p>Les participantEs ont pass\u00e9 en revue les diff\u00e9rentes formes de collaboration ant\u00e9rieurement\u00a0adopt\u00e9es et ont propos\u00e9 de nouveaux th\u00e8mes et m\u00e9canismes de collaboration visant un meilleur positionnement des deux institutions au sein du\u00a0Syst\u00e8me National de la Formation et de la Recherche Agricole.<\/p>\n<p>Les dispositions requises ont ainsi \u00e9t\u00e9 prises pour\u00a0mettre en oeuvre, au plus vite, les mesures de renforcement du partenariat strat\u00e9gique INRA Mekn\u00e8s &#8211; ENA Mekn\u00e8s au\u00a0service des objectifs du Plan Maroc Vert en termes de d\u00e9veloppement agricole r\u00e9gional et national.<\/p>\n<p>&#8212;&#8212;&#8212;-<\/p>\n<p>(1) : Participants INRA Mekn\u00e8s :<\/p>\n<ul>\n<li>Dr Riad Balaghi, Chef du CRRA Mekn\u00e8s<\/li>\n<li>Dr Abdelghani Nabloussi, URAPCRG<\/li>\n<li>Mrs Ali Mamouni et Noureddine Bahri, SRD<\/li>\n<li>Dr Abderrahim Benta\u00efbi, URGDRNESR<\/li>\n<li>Dr Abdellah Kajji, URAPV<\/li>\n<\/ul>\n<p>(2) ParticipantEs ENA Mekn\u00e8s :<\/p>\n<ul>\n<li>Dr Abdellah Aboudrar,\u00a0Directeur de la recherche-coop\u00e9ration<\/li>\n<li>Pr Abdelmalek Boutaleb Joutei, Enseignant-Chercheur<\/li>\n<li>Pr Ghizlane Echchgadda, Enseignant-Chercheur<\/li>\n<li>Pr Sa\u00efd Amiri, Directeur des \u00e9tudes.<\/li>\n<\/ul>\n","protected":false},"excerpt":{"rendered":"<p>Une importante r\u00e9union a \u00e9t\u00e9 tenue ce jeudi 09 juillet 2015 au sujet de l&rsquo;identification de nouvelles opportunit\u00e9s de consolidation du partenariat INRA &#8211; ENA Mekn\u00e8s. Intervenue \u00e0 l&rsquo;initiative de l&rsquo;INRA Mekn\u00e8s, cette r\u00e9union a rassembl\u00e9 les membres du Conseil &hellip; <a href=\"https:\/\/inrameknes.info\/?p=772\">Continuer la lecture <span class=\"meta-nav\">&rarr;<\/span><\/a><\/p>\n","protected":false},"author":1,"featured_media":0,"comment_status":"closed","ping_status":"closed","sticky":false,"template":"","format":"standard","meta":{"footnotes":""},"categories":[11],"tags":[227,62,228,229],"class_list":["post-772","post","type-post","status-publish","format-standard","hentry","category-actualites","tag-collaboration","tag-ena-meknes","tag-partenariat","tag-snfra"],"_links":{"self":[{"href":"https:\/\/inrameknes.info\/index.php?rest_route=\/wp\/v2\/posts\/772","targetHints":{"allow":["GET"]}}],"collection":[{"href":"https:\/\/inrameknes.info\/index.php?rest_route=\/wp\/v2\/posts"}],"about":[{"href":"https:\/\/inrameknes.info\/index.php?rest_route=\/wp\/v2\/types\/post"}],"author":[{"embeddable":true,"href":"https:\/\/inrameknes.info\/index.php?rest_route=\/wp\/v2\/users\/1"}],"replies":[{"embeddable":true,"href":"https:\/\/inrameknes.info\/index.php?rest_route=%2Fwp%2Fv2%2Fcomments&post=772"}],"version-history":[{"count":5,"href":"https:\/\/inrameknes.info\/index.php?rest_route=\/wp\/v2\/posts\/772\/revisions"}],"predecessor-version":[{"id":778,"href":"https:\/\/inrameknes.info\/index.php?rest_route=\/wp\/v2\/posts\/772\/revisions\/778"}],"wp:attachment":[{"href":"https:\/\/inrameknes.info\/index.php?rest_route=%2Fwp%2Fv2%2Fmedia&parent=772"}],"wp:term":[{"taxonomy":"category","embeddable":true,"href":"https:\/\/inrameknes.info\/index.php?rest_route=%2Fwp%2Fv2%2Fcategories&post=772"},{"taxonomy":"post_tag","embeddable":true,"href":"https:\/\/inrameknes.info\/index.php?rest_route=%2Fwp%2Fv2%2Ftags&post=772"}],"curies":[{"name":"wp","href":"https:\/\/api.w.org\/{rel}","templated":true}]}}