{"id":768,"date":"2015-07-09T15:57:38","date_gmt":"2015-07-09T14:57:38","guid":{"rendered":"http:\/\/inrameknes.info\/?p=768"},"modified":"2015-07-10T15:18:11","modified_gmt":"2015-07-10T14:18:11","slug":"seminaire-interne-travail-agricole-dans-le-saiss","status":"publish","type":"post","link":"https:\/\/inrameknes.info\/?p=768","title":{"rendered":"S\u00e9minaire interne : Travail agricole dans le Saiss"},"content":{"rendered":"<div id=\"attachment_769\" style=\"width: 298px\" class=\"wp-caption alignright\"><a href=\"http:\/\/inrameknes.info\/wp-content\/uploads\/2015\/07\/Dr-Abderrahim-Benta\u00efbi-chercheur-en-sociologie-du-d\u00e9veloppement-CRRA-Mekn\u00e8s.jpg\"><img loading=\"lazy\" decoding=\"async\" aria-describedby=\"caption-attachment-769\" class=\"wp-image-769 size-medium\" src=\"http:\/\/inrameknes.info\/wp-content\/uploads\/2015\/07\/Dr-Abderrahim-Benta\u00efbi-chercheur-en-sociologie-du-d\u00e9veloppement-CRRA-Mekn\u00e8s-288x300.jpg\" alt=\"Dr Abderrahim Benta\u00efbi, Chercheur en sociologie rurale et du d\u00e9veloppement, CRRA Mekn\u00e8s\" width=\"288\" height=\"300\" srcset=\"https:\/\/inrameknes.info\/wp-content\/uploads\/2015\/07\/Dr-Abderrahim-Benta\u00efbi-chercheur-en-sociologie-du-d\u00e9veloppement-CRRA-Mekn\u00e8s-288x300.jpg 288w, https:\/\/inrameknes.info\/wp-content\/uploads\/2015\/07\/Dr-Abderrahim-Benta\u00efbi-chercheur-en-sociologie-du-d\u00e9veloppement-CRRA-Mekn\u00e8s.jpg 600w\" sizes=\"auto, (max-width: 288px) 100vw, 288px\" \/><\/a><p id=\"caption-attachment-769\" class=\"wp-caption-text\">Dr Abderrahim Benta\u00efbi, Chercheur en sociologie rurale et du d\u00e9veloppement, CRRA Mekn\u00e8s<\/p><\/div>\n<p>Dr Abderrahim Benta\u00efbi a anim\u00e9 ce jeudi 09 juillet 2015 un s\u00e9minaire interne intitul\u00e9 \u00ab\u00a0Les conditions de travail agricole et \u00e9quit\u00e9 salariale pour les hommes, les femmes et les jeunes dans le Sa\u00efs\u00a0\u00bb. Il s&rsquo;agit de la restitution des premiers r\u00e9sultats d&rsquo;une \u00e9tude <a href=\"http:\/\/www.inra.org.ma\/accueil1.asp?codelangue=23&amp;po=2\" target=\"_blank\">INRA<\/a>&#8211;<a href=\"http:\/\/www.icarda.org\/\" target=\"_blank\">ICARDA <\/a>conduite dans la r\u00e9gion du Sa\u00efs dans le cadre du projet <a href=\"http:\/\/drylandsystems.cgiar.org\/\" target=\"_blank\">CRP DS<\/a>\u00a0(<a href=\"http:\/\/www.cgiar.org\/\" target=\"_blank\">CGIAR <\/a>Research Program on Dryland Systems).<\/p>\n<p>L&rsquo;assistance ayant suivi avec beaucoup d&rsquo;int\u00e9r\u00eat cette manifestation a soulign\u00e9 l&rsquo;opportunit\u00e9\u00a0de la large diffusion des r\u00e9sultats de ce travail aux diff\u00e9rents acteurs concern\u00e9s. Il a \u00e9t\u00e9 de m\u00eame recommand\u00e9 d&rsquo;en approfondir la port\u00e9e dans le cadre de futurs travaux de recherche.<\/p>\n<p>Dr Abderrahim Benta\u00efbi est chercheur en sociologie rurale et du d\u00e9veloppement. Il coordonne l&rsquo;Unit\u00e9 de Recherche \u00ab\u00a0Gestion durable des ressources naturelles, d&rsquo;Economie et de sociologie rurales\u00a0\u00bb.<\/p>\n<p><a href=\"http:\/\/inrameknes.info\/wp-content\/uploads\/2015\/07\/R\u00e9sum\u00e9-s\u00e9minaire-Travail-agricole-Sais.pdf\">R\u00e9sum\u00e9 du s\u00e9minaire \u00ab\u00a0Travail agricole-Sais\u00a0\u00bb<\/a><\/p>\n<p>&nbsp;<\/p>\n","protected":false},"excerpt":{"rendered":"<p>Dr Abderrahim Benta\u00efbi a anim\u00e9 ce jeudi 09 juillet 2015 un s\u00e9minaire interne intitul\u00e9 \u00ab\u00a0Les conditions de travail agricole et \u00e9quit\u00e9 salariale pour les hommes, les femmes et les jeunes dans le Sa\u00efs\u00a0\u00bb. Il s&rsquo;agit de la restitution des premiers &hellip; <a href=\"https:\/\/inrameknes.info\/?p=768\">Continuer la lecture <span class=\"meta-nav\">&rarr;<\/span><\/a><\/p>\n","protected":false},"author":1,"featured_media":0,"comment_status":"closed","ping_status":"closed","sticky":false,"template":"","format":"standard","meta":{"footnotes":""},"categories":[11,82],"tags":[165,225,224,107,226,223,222],"class_list":["post-768","post","type-post","status-publish","format-standard","hentry","category-actualites","category-seminaires","tag-bentaibi","tag-equite-salariale","tag-genre","tag-meknes","tag-sais","tag-travail-agricole","tag-urgdrnesr"],"_links":{"self":[{"href":"https:\/\/inrameknes.info\/index.php?rest_route=\/wp\/v2\/posts\/768","targetHints":{"allow":["GET"]}}],"collection":[{"href":"https:\/\/inrameknes.info\/index.php?rest_route=\/wp\/v2\/posts"}],"about":[{"href":"https:\/\/inrameknes.info\/index.php?rest_route=\/wp\/v2\/types\/post"}],"author":[{"embeddable":true,"href":"https:\/\/inrameknes.info\/index.php?rest_route=\/wp\/v2\/users\/1"}],"replies":[{"embeddable":true,"href":"https:\/\/inrameknes.info\/index.php?rest_route=%2Fwp%2Fv2%2Fcomments&post=768"}],"version-history":[{"count":4,"href":"https:\/\/inrameknes.info\/index.php?rest_route=\/wp\/v2\/posts\/768\/revisions"}],"predecessor-version":[{"id":782,"href":"https:\/\/inrameknes.info\/index.php?rest_route=\/wp\/v2\/posts\/768\/revisions\/782"}],"wp:attachment":[{"href":"https:\/\/inrameknes.info\/index.php?rest_route=%2Fwp%2Fv2%2Fmedia&parent=768"}],"wp:term":[{"taxonomy":"category","embeddable":true,"href":"https:\/\/inrameknes.info\/index.php?rest_route=%2Fwp%2Fv2%2Fcategories&post=768"},{"taxonomy":"post_tag","embeddable":true,"href":"https:\/\/inrameknes.info\/index.php?rest_route=%2Fwp%2Fv2%2Ftags&post=768"}],"curies":[{"name":"wp","href":"https:\/\/api.w.org\/{rel}","templated":true}]}}