{"id":5273,"date":"2025-03-05T11:36:29","date_gmt":"2025-03-05T10:36:29","guid":{"rendered":"https:\/\/inrameknes.info\/?p=5273"},"modified":"2025-03-05T11:37:29","modified_gmt":"2025-03-05T10:37:29","slug":"article-scientifique-evaluation-de-la-compatibilite-climatique-et-genotypique-de-la-culture-de-grenadier-au-maroc-une-approche-de-modelisation-et-une-validation-experimentale","status":"publish","type":"post","link":"https:\/\/inrameknes.info\/?p=5273","title":{"rendered":"Article scientifique : \u00c9valuation de la compatibilit\u00e9 climatique et g\u00e9notypique de la culture de grenadier au Maroc : une approche de mod\u00e9lisation et une validation exp\u00e9rimentale."},"content":{"rendered":"<div class=\"wp-block-image\">\n<figure class=\"alignleft size-full is-resized\"><a href=\"http:\/\/inrameknes.info\/wp-content\/uploads\/2024\/09\/EMJEI.jpg\"><img loading=\"lazy\" decoding=\"async\" width=\"227\" height=\"303\" src=\"http:\/\/inrameknes.info\/wp-content\/uploads\/2024\/09\/EMJEI.jpg\" alt=\"\" class=\"wp-image-4934\" style=\"aspect-ratio:0.7491749174917491;width:209px;height:auto\" srcset=\"https:\/\/inrameknes.info\/wp-content\/uploads\/2024\/09\/EMJEI.jpg 227w, https:\/\/inrameknes.info\/wp-content\/uploads\/2024\/09\/EMJEI-225x300.jpg 225w\" sizes=\"auto, (max-width: 227px) 100vw, 227px\" \/><\/a><\/figure><\/div>\n\n\n<p><strong>Titre original<\/strong>&nbsp;: Assessing climatic and genotypic suitability for Moroccan pomegranate cultivation: a modeling approach and empirical validation.<\/p>\n\n\n\n<p><strong>AuteurEs<\/strong>\u00a0: <a href=\"https:\/\/www.researchgate.net\/profile\/Atman-Adiba\">Atman Adiba<\/a> (1), Kamal El Fallah (2), <a href=\"https:\/\/www.researchgate.net\/profile\/Athar-Mahmood\">Athar Mahmood<\/a> (3), <a href=\"https:\/\/www.researchgate.net\/profile\/Rashid-Iqbal-11\">Rashid Iqbal<\/a> (4), <a href=\"https:\/\/www.researchgate.net\/scientific-contributions\/Hakim-Outghouliast-2137637017\">Hakim Outghouliast<\/a> (1), <a href=\"https:\/\/www.researchgate.net\/profile\/Abdellatif-Boutagayout\">Abdellatif Boutagayout<\/a> (5), <a href=\"https:\/\/www.researchgate.net\/profile\/Anas-Hamdani\">Anas Hamdani<\/a> (6) &amp; <a href=\"https:\/\/www.researchgate.net\/profile\/Jamal-Charafi\">Jamal Charafi<\/a> (6).<\/p>\n\n\n\n<p>(1) : <a href=\"https:\/\/www.inra.org.ma\/fr\/centre\/tadla\">INRA CRRA Tadla<\/a> \u2013 (2)\u00a0: <a href=\"https:\/\/fs.uit.ac.ma\/\">UIT FS Kenitra<\/a> \u2013 (3)\u00a0: <a href=\"https:\/\/www.bing.com\/ck\/a?!&amp;&amp;p=8f7286746c0f65187899bfcb476a0671060ef0d5f3b58f30ef87583ac7bd0d9fJmltdHM9MTc0MTEzMjgwMA&amp;ptn=3&amp;ver=2&amp;hsh=4&amp;fclid=3cfe8b7b-da91-6626-3036-991ddbd767ed&amp;psq=Univ.+of+Agriculture+Faisalabad+Pakistan&amp;u=a1aHR0cHM6Ly93ZWIudWFmLmVkdS5way8&amp;ntb=1\">Univ. of Agriculture Faisalabad Pakistan<\/a> \u2013 (4) <a href=\"https:\/\/www.bing.com\/ck\/a?!&amp;&amp;p=f3e709aec3f5aa909919d69cea4c69938c472af9415a00072f446c0ba15c03f1JmltdHM9MTc0MTEzMjgwMA&amp;ptn=3&amp;ver=2&amp;hsh=4&amp;fclid=3cfe8b7b-da91-6626-3036-991ddbd767ed&amp;psq=Islamia+University+of+Bahawalpur+Pakistan&amp;u=a1aHR0cHM6Ly93d3cuaXViLmVkdS5way8&amp;ntb=1\">Islamia University of Bahawalpur Pakistan<\/a> &amp; <a href=\"https:\/\/www.bing.com\/ck\/a?!&amp;&amp;p=bca096b2250c5b4cb65eedeb0ee62d5ff895d9e41a38f75901e3b051dc4132d5JmltdHM9MTc0MTEzMjgwMA&amp;ptn=3&amp;ver=2&amp;hsh=4&amp;fclid=3cfe8b7b-da91-6626-3036-991ddbd767ed&amp;psq=Western+Caspian+University+Baku+Azerbaijan&amp;u=a1aHR0cHM6Ly93d3cud2N1LmVkdS5hei9lbi8&amp;ntb=1\">Western Caspian University Baku Azerbaijan<\/a> \u2013 (5) <a href=\"https:\/\/www.bing.com\/ck\/a?!&amp;&amp;p=5991de241240763af384a7fed313477a91f8ddce5fc2ef6f97079e4d49e795a6JmltdHM9MTc0MTEzMjgwMA&amp;ptn=3&amp;ver=2&amp;hsh=4&amp;fclid=3cfe8b7b-da91-6626-3036-991ddbd767ed&amp;psq=UMI+FS+Mekn%c3%a8s&amp;u=a1aHR0cHM6Ly93d3cuZnMtdW1pLmFjLm1hLw&amp;ntb=1\">UMI FS Mekn\u00e8s<\/a> \u2013 (6) : INRA CRRA Mekn\u00e8s.<\/p>\n\n\n\n<p><strong>Journal<\/strong>\u00a0: <a href=\"https:\/\/link.springer.com\/journal\/41207\">Euro-Mediterranean Journal for Environmental Integration<\/a> (2025). DOI : 10.1007\/s41207-025-00763-9.<\/p>\n\n\n\n<p><strong><a href=\"https:\/\/link.springer.com\/article\/10.1007\/s41207-025-00763-9\">R\u00e9sum\u00e9<\/a><\/strong><\/p>\n","protected":false},"excerpt":{"rendered":"<p>Titre original&nbsp;: Assessing climatic and genotypic suitability for Moroccan pomegranate cultivation: a modeling approach and empirical validation. AuteurEs\u00a0: Atman Adiba (1), Kamal El Fallah (2), Athar Mahmood (3), Rashid Iqbal (4), Hakim Outghouliast (1), Abdellatif Boutagayout (5), Anas Hamdani (6) &hellip; <a href=\"https:\/\/inrameknes.info\/?p=5273\">Continuer la lecture <span class=\"meta-nav\">&rarr;<\/span><\/a><\/p>\n","protected":false},"author":1,"featured_media":0,"comment_status":"closed","ping_status":"closed","sticky":false,"template":"","format":"standard","meta":{"footnotes":""},"categories":[85,1],"tags":[73,928,456,84],"class_list":["post-5273","post","type-post","status-publish","format-standard","hentry","category-articles-scientifiques","category-non-classe","tag-article-scientifique","tag-compatibilite-climatique","tag-grenadier","tag-jamal-charafi"],"_links":{"self":[{"href":"https:\/\/inrameknes.info\/index.php?rest_route=\/wp\/v2\/posts\/5273","targetHints":{"allow":["GET"]}}],"collection":[{"href":"https:\/\/inrameknes.info\/index.php?rest_route=\/wp\/v2\/posts"}],"about":[{"href":"https:\/\/inrameknes.info\/index.php?rest_route=\/wp\/v2\/types\/post"}],"author":[{"embeddable":true,"href":"https:\/\/inrameknes.info\/index.php?rest_route=\/wp\/v2\/users\/1"}],"replies":[{"embeddable":true,"href":"https:\/\/inrameknes.info\/index.php?rest_route=%2Fwp%2Fv2%2Fcomments&post=5273"}],"version-history":[{"count":1,"href":"https:\/\/inrameknes.info\/index.php?rest_route=\/wp\/v2\/posts\/5273\/revisions"}],"predecessor-version":[{"id":5274,"href":"https:\/\/inrameknes.info\/index.php?rest_route=\/wp\/v2\/posts\/5273\/revisions\/5274"}],"wp:attachment":[{"href":"https:\/\/inrameknes.info\/index.php?rest_route=%2Fwp%2Fv2%2Fmedia&parent=5273"}],"wp:term":[{"taxonomy":"category","embeddable":true,"href":"https:\/\/inrameknes.info\/index.php?rest_route=%2Fwp%2Fv2%2Fcategories&post=5273"},{"taxonomy":"post_tag","embeddable":true,"href":"https:\/\/inrameknes.info\/index.php?rest_route=%2Fwp%2Fv2%2Ftags&post=5273"}],"curies":[{"name":"wp","href":"https:\/\/api.w.org\/{rel}","templated":true}]}}