{"id":5026,"date":"2024-10-04T11:43:41","date_gmt":"2024-10-04T10:43:41","guid":{"rendered":"https:\/\/inrameknes.info\/?p=5026"},"modified":"2024-10-04T12:01:48","modified_gmt":"2024-10-04T11:01:48","slug":"article-scientifique-lien-entre-les-reserves-dhydrates-de-carbone-et-dacides-amines-dans-les-rameaux-et-les-reponses-agro-phenologiques-chez-des-cultivars-de-prunier-provenant-de-regions-geograp","status":"publish","type":"post","link":"https:\/\/inrameknes.info\/?p=5026","title":{"rendered":"Article scientifique : Lien entre les r\u00e9serves d&rsquo;hydrates de carbone et d&rsquo;acides amin\u00e9s dans les rameaux et les r\u00e9ponses agro-ph\u00e9nologiques chez des cultivars de prunier provenant de r\u00e9gions g\u00e9ographiques contrast\u00e9es."},"content":{"rendered":"<div class=\"wp-block-image\">\n<figure class=\"alignleft size-full is-resized\"><a href=\"http:\/\/inrameknes.info\/wp-content\/uploads\/2022\/09\/Vegetos.jpg\"><img loading=\"lazy\" decoding=\"async\" width=\"135\" height=\"180\" src=\"http:\/\/inrameknes.info\/wp-content\/uploads\/2022\/09\/Vegetos.jpg\" alt=\"\" class=\"wp-image-4067\" style=\"aspect-ratio:0.75;width:163px;height:auto\"\/><\/a><\/figure><\/div>\n\n\n<p><strong>Intitul\u00e9 original<\/strong>&nbsp;: Linking carbohydrate and amino acid reserves in twigs to agro-phenological responses in plum cultivars from contrasting geographic regions.<\/p>\n\n\n\n<p><strong>AuteurEs<\/strong>\u00a0: <a href=\"https:\/\/inrameknes.info\/wp-content\/uploads\/2018\/06\/Anas-HAMDANI1.pdf\">Anas Hamdani<\/a> (1,2), <a href=\"https:\/\/www.researchgate.net\/profile\/Said-Bouda#:~:text=Said%20Bouda%20Dans%20une%20perspective%20de%20caract%C3%A9risation%20des\">Said Bouda<\/a> (2), <a href=\"https:\/\/www.researchgate.net\/profile\/Atman-Adiba#:~:text=Atman%20ADIBA%20is%20a%20researcher%20in%20biotechnology,%20water\">Atman Adiba<\/a> (1), <a href=\"https:\/\/www.researchgate.net\/profile\/Abdellatif-Boutagayout#:~:text=I%20am%20currently%20a%20Ph.D.%20student%20at%20the%20Faculty%20of\">Abdellatif Boutagayout<\/a> (3), <a href=\"https:\/\/www.researchgate.net\/profile\/Mohamed-Kouighat-2#:~:text=Several%20research%20studies%20have%20revealed%20the%20potential%20of\">Mohamed Kouighat<\/a> (1) &amp; <a href=\"https:\/\/www.researchgate.net\/profile\/Rachid-Razouk#:~:text=Rachid%20Razouk%20Jamal%20Charafi%20Abstract%20This%20work%20aims%20to\">Rachid Razouk<\/a> (1).<\/p>\n\n\n\n<p>1 : INRA CRRA Mekn\u00e8s \u2013 2\u00a0: <a href=\"https:\/\/fstbm.ac.ma\/accueil#:~:text=Le%20site%20officiel%20de%20la%20Facult%C3%A9%20des%20Sciences%20et%20Techniques\">USMS FST Beni Mellal<\/a> \u2013 3 : <a href=\"https:\/\/benimellal.inra.org.ma\/\">INRA CRRA Tadla<\/a> &#8211; 4\u00a0: <a href=\"https:\/\/www.fs-umi.ac.ma\/#:~:text=Liste%20principale%20et%20liste%20d%E2%80%99attente%20des%20candidats%20Admis%20au\">UMI FS Mekn\u00e8s<\/a>.<\/p>\n\n\n\n<p><strong>Journal<\/strong>\u00a0: <a href=\"https:\/\/link.springer.com\/journal\/42535\">Vegetos <\/a>(2024). DOI :  10.1007\/s42535-024-01009-9<\/p>\n\n\n\n<p><strong><a href=\"https:\/\/link.springer.com\/article\/10.1007\/s42535-024-01009-9\">R\u00e9sum\u00e9<\/a><\/strong><\/p>\n","protected":false},"excerpt":{"rendered":"<p>Intitul\u00e9 original&nbsp;: Linking carbohydrate and amino acid reserves in twigs to agro-phenological responses in plum cultivars from contrasting geographic regions. AuteurEs\u00a0: Anas Hamdani (1,2), Said Bouda (2), Atman Adiba (1), Abdellatif Boutagayout (3), Mohamed Kouighat (1) &amp; Rachid Razouk (1). &hellip; <a href=\"https:\/\/inrameknes.info\/?p=5026\">Continuer la lecture <span class=\"meta-nav\">&rarr;<\/span><\/a><\/p>\n","protected":false},"author":1,"featured_media":0,"comment_status":"closed","ping_status":"closed","sticky":false,"template":"","format":"standard","meta":{"footnotes":""},"categories":[85],"tags":[836,73,75,72],"class_list":["post-5026","post","type-post","status-publish","format-standard","hentry","category-articles-scientifiques","tag-arboriculture-fruitiere","tag-article-scientifique","tag-prunier","tag-rachid-razouk"],"_links":{"self":[{"href":"https:\/\/inrameknes.info\/index.php?rest_route=\/wp\/v2\/posts\/5026","targetHints":{"allow":["GET"]}}],"collection":[{"href":"https:\/\/inrameknes.info\/index.php?rest_route=\/wp\/v2\/posts"}],"about":[{"href":"https:\/\/inrameknes.info\/index.php?rest_route=\/wp\/v2\/types\/post"}],"author":[{"embeddable":true,"href":"https:\/\/inrameknes.info\/index.php?rest_route=\/wp\/v2\/users\/1"}],"replies":[{"embeddable":true,"href":"https:\/\/inrameknes.info\/index.php?rest_route=%2Fwp%2Fv2%2Fcomments&post=5026"}],"version-history":[{"count":2,"href":"https:\/\/inrameknes.info\/index.php?rest_route=\/wp\/v2\/posts\/5026\/revisions"}],"predecessor-version":[{"id":5028,"href":"https:\/\/inrameknes.info\/index.php?rest_route=\/wp\/v2\/posts\/5026\/revisions\/5028"}],"wp:attachment":[{"href":"https:\/\/inrameknes.info\/index.php?rest_route=%2Fwp%2Fv2%2Fmedia&parent=5026"}],"wp:term":[{"taxonomy":"category","embeddable":true,"href":"https:\/\/inrameknes.info\/index.php?rest_route=%2Fwp%2Fv2%2Fcategories&post=5026"},{"taxonomy":"post_tag","embeddable":true,"href":"https:\/\/inrameknes.info\/index.php?rest_route=%2Fwp%2Fv2%2Ftags&post=5026"}],"curies":[{"name":"wp","href":"https:\/\/api.w.org\/{rel}","templated":true}]}}