{"id":4956,"date":"2024-09-30T16:24:12","date_gmt":"2024-09-30T15:24:12","guid":{"rendered":"https:\/\/inrameknes.info\/?p=4956"},"modified":"2024-10-01T10:22:45","modified_gmt":"2024-10-01T09:22:45","slug":"renforcement-du-staff-de-recherche-inra-meknes","status":"publish","type":"post","link":"https:\/\/inrameknes.info\/?p=4956","title":{"rendered":"Renforcement du Staff de recherche INRA Mekn\u00e8s"},"content":{"rendered":"\n<p>Deux chercheures, deux technicienNEs et un administrateur viennent renforcer le staff du Centre R\u00e9gional de la Recherche Agronomique de Mekn\u00e8s :<\/p>\n\n\n\n<h2 class=\"wp-block-heading\">Oumaima Rachik, chercheure en am\u00e9lioration g\u00e9n\u00e9tique des c\u00e9r\u00e9ales <\/h2>\n\n\n<div class=\"wp-block-image\">\n<figure class=\"alignleft size-full is-resized\"><a href=\"https:\/\/inrameknes.info\/wp-content\/uploads\/2024\/09\/Ir-Oumaima-Rachik-chercheure-a-lUR.-APCRG-CRRA-Meknes.jpg\"><img loading=\"lazy\" decoding=\"async\" width=\"413\" height=\"530\" src=\"https:\/\/inrameknes.info\/wp-content\/uploads\/2024\/09\/Ir-Oumaima-Rachik-chercheure-a-lUR.-APCRG-CRRA-Meknes.jpg\" alt=\"\" class=\"wp-image-4957\" style=\"aspect-ratio:0.779245283018868;width:228px;height:auto\" srcset=\"https:\/\/inrameknes.info\/wp-content\/uploads\/2024\/09\/Ir-Oumaima-Rachik-chercheure-a-lUR.-APCRG-CRRA-Meknes.jpg 413w, https:\/\/inrameknes.info\/wp-content\/uploads\/2024\/09\/Ir-Oumaima-Rachik-chercheure-a-lUR.-APCRG-CRRA-Meknes-234x300.jpg 234w\" sizes=\"auto, (max-width: 413px) 100vw, 413px\" \/><\/a><figcaption class=\"wp-element-caption\">Ir Oumaima Rachik, chercheure<br>UR. APCRG &#8211; CRRA Mekn\u00e8s<\/figcaption><\/figure><\/div>\n\n\n<p>Oumaima est Ing\u00e9nieur Agronome, laur\u00e9ate en 2020 de l\u2019IAV Hassan II (Rabat), fili\u00e8re Production v\u00e9g\u00e9tale (Option : G\u00e9n\u00e9tique et Production des Semences et Plants). Elle est aussi inscrite en 2\u00e8me ann\u00e9e \u00e0 l\u2019Ecole doctorale du m\u00eame institut.<\/p>\n\n\n\n<p><\/p>\n\n\n\n<p><\/p>\n\n\n\n<p><\/p>\n\n\n\n<p><\/p>\n\n\n\n<p><\/p>\n\n\n\n<h2 class=\"wp-block-heading\">Meriem Guartoumi El Idrissi, chercheure en protection des plantes<\/h2>\n\n\n\n<p><\/p>\n\n\n<div class=\"wp-block-image\">\n<figure class=\"alignleft size-full is-resized\"><a href=\"https:\/\/inrameknes.info\/wp-content\/uploads\/2024\/09\/Ir-Meriem-Ghartoumi-El-Idrissi-Chercheure-URPP-CRRA-Meknes.jpg\"><img loading=\"lazy\" decoding=\"async\" width=\"608\" height=\"608\" src=\"https:\/\/inrameknes.info\/wp-content\/uploads\/2024\/09\/Ir-Meriem-Ghartoumi-El-Idrissi-Chercheure-URPP-CRRA-Meknes.jpg\" alt=\"\" class=\"wp-image-4958\" style=\"aspect-ratio:1;width:236px;height:auto\" srcset=\"https:\/\/inrameknes.info\/wp-content\/uploads\/2024\/09\/Ir-Meriem-Ghartoumi-El-Idrissi-Chercheure-URPP-CRRA-Meknes.jpg 608w, https:\/\/inrameknes.info\/wp-content\/uploads\/2024\/09\/Ir-Meriem-Ghartoumi-El-Idrissi-Chercheure-URPP-CRRA-Meknes-300x300.jpg 300w, https:\/\/inrameknes.info\/wp-content\/uploads\/2024\/09\/Ir-Meriem-Ghartoumi-El-Idrissi-Chercheure-URPP-CRRA-Meknes-150x150.jpg 150w\" sizes=\"auto, (max-width: 608px) 100vw, 608px\" \/><\/a><figcaption class=\"wp-element-caption\">Ir Meriem Guartoumi El Idrissi, Chercheure<br>URPP &#8211; CRRA Mekn\u00e8s<\/figcaption><\/figure><\/div>\n\n\n<p><\/p>\n\n\n\n<p>Meriem est ing\u00e9nieure agronome, laur\u00e9ate en 2019 de l\u2019ENA Mekn\u00e8s (Fili\u00e8re Protection des plantes et de l\u2019environnement).<\/p>\n\n\n\n<p><\/p>\n\n\n\n<p><\/p>\n\n\n\n<p><\/p>\n\n\n\n<p><\/p>\n\n\n\n<p><\/p>\n\n\n\n<h2 class=\"wp-block-heading\">Imane Ezhari, Technicienne de recherche<\/h2>\n\n\n<div class=\"wp-block-image\">\n<figure class=\"alignleft size-full is-resized\"><a href=\"https:\/\/inrameknes.info\/wp-content\/uploads\/2024\/09\/Imane-Ezhari-Technicenne-URAPCG-CRRA-Meknes-1.jpg\"><img loading=\"lazy\" decoding=\"async\" width=\"687\" height=\"897\" src=\"https:\/\/inrameknes.info\/wp-content\/uploads\/2024\/09\/Imane-Ezhari-Technicenne-URAPCG-CRRA-Meknes-1.jpg\" alt=\"\" class=\"wp-image-4963\" style=\"aspect-ratio:0.7658862876254181;width:229px;height:auto\" srcset=\"https:\/\/inrameknes.info\/wp-content\/uploads\/2024\/09\/Imane-Ezhari-Technicenne-URAPCG-CRRA-Meknes-1.jpg 687w, https:\/\/inrameknes.info\/wp-content\/uploads\/2024\/09\/Imane-Ezhari-Technicenne-URAPCG-CRRA-Meknes-1-230x300.jpg 230w\" sizes=\"auto, (max-width: 687px) 100vw, 687px\" \/><\/a><figcaption class=\"wp-element-caption\">Imane Ezhari, Technicenne de recherche<br>URAPCG &#8211; CRRA Mekn\u00e8s<\/figcaption><\/figure><\/div>\n\n\n<p><\/p>\n\n\n\n<p>Imane est technicienne en horticulture, laur\u00e9ate en 2020 de L\u2019Institut Technique Agricole de Sahel Boutaher. Elle est aussi titulaire d\u2019un dipl\u00f4me de Technico-commerciale en production horticole de l\u2019Institut des Techniciens Sp\u00e9cialis\u00e9s en Horticulture de Mekn\u00e8s (2022). Imane a de m\u00eame obtenu, en 2023, une Licence en Contr\u00f4le et gestion de la qualit\u00e9 en agroalimentaire de la facult\u00e9 des sciences de K\u00e9nitra.<\/p>\n\n\n\n<p><\/p>\n\n\n\n<p><\/p>\n\n\n\n<p><\/p>\n\n\n\n<h2 class=\"wp-block-heading\">Nabil Ahrir, Technicien de recherche<\/h2>\n\n\n<div class=\"wp-block-image\">\n<figure class=\"alignleft size-large is-resized\"><a href=\"https:\/\/inrameknes.info\/wp-content\/uploads\/2024\/09\/Nabil-Ahrir-Technicien-de-recherche-SRD-CRRA-Meknes-1.jpg\"><img loading=\"lazy\" decoding=\"async\" width=\"786\" height=\"1024\" src=\"https:\/\/inrameknes.info\/wp-content\/uploads\/2024\/09\/Nabil-Ahrir-Technicien-de-recherche-SRD-CRRA-Meknes-1-786x1024.jpg\" alt=\"\" class=\"wp-image-4966\" style=\"aspect-ratio:0.767578125;width:235px;height:auto\" srcset=\"https:\/\/inrameknes.info\/wp-content\/uploads\/2024\/09\/Nabil-Ahrir-Technicien-de-recherche-SRD-CRRA-Meknes-1-786x1024.jpg 786w, https:\/\/inrameknes.info\/wp-content\/uploads\/2024\/09\/Nabil-Ahrir-Technicien-de-recherche-SRD-CRRA-Meknes-1-230x300.jpg 230w, https:\/\/inrameknes.info\/wp-content\/uploads\/2024\/09\/Nabil-Ahrir-Technicien-de-recherche-SRD-CRRA-Meknes-1-768x1001.jpg 768w, https:\/\/inrameknes.info\/wp-content\/uploads\/2024\/09\/Nabil-Ahrir-Technicien-de-recherche-SRD-CRRA-Meknes-1-1179x1536.jpg 1179w, https:\/\/inrameknes.info\/wp-content\/uploads\/2024\/09\/Nabil-Ahrir-Technicien-de-recherche-SRD-CRRA-Meknes-1.jpg 1187w\" sizes=\"auto, (max-width: 786px) 100vw, 786px\" \/><\/a><figcaption class=\"wp-element-caption\">Nabil Ahrir, Technicien de recherche<br>SRD &#8211; CRRA Mekn\u00e8s<\/figcaption><\/figure><\/div>\n\n\n<p>Nabil est titulaire du dipl\u00f4me de Technicien sp\u00e9cialis\u00e9 en agriculture (Fili\u00e8re technico-commercial en production horticole), laur\u00e9at en 2020 de l\u2019Institut des Techniciens Sp\u00e9cialis\u00e9s en agriculture d\u2019Errachidia.<\/p>\n\n\n\n<p><\/p>\n\n\n\n<p><\/p>\n\n\n\n<p><\/p>\n\n\n\n<p><\/p>\n\n\n\n<p><\/p>\n\n\n\n<p><\/p>\n\n\n\n<h2 class=\"wp-block-heading\">Ali El Kara, Administrateur<\/h2>\n\n\n<div class=\"wp-block-image\">\n<figure class=\"alignleft size-full is-resized\"><a href=\"https:\/\/inrameknes.info\/wp-content\/uploads\/2024\/09\/Ali-El-Kara-Administrateur-Service-Administratif-CRRA-Meknes.jpg\"><img loading=\"lazy\" decoding=\"async\" width=\"645\" height=\"711\" src=\"https:\/\/inrameknes.info\/wp-content\/uploads\/2024\/09\/Ali-El-Kara-Administrateur-Service-Administratif-CRRA-Meknes.jpg\" alt=\"\" class=\"wp-image-4968\" style=\"aspect-ratio:0.9071729957805907;width:245px;height:auto\" srcset=\"https:\/\/inrameknes.info\/wp-content\/uploads\/2024\/09\/Ali-El-Kara-Administrateur-Service-Administratif-CRRA-Meknes.jpg 645w, https:\/\/inrameknes.info\/wp-content\/uploads\/2024\/09\/Ali-El-Kara-Administrateur-Service-Administratif-CRRA-Meknes-272x300.jpg 272w\" sizes=\"auto, (max-width: 645px) 100vw, 645px\" \/><\/a><figcaption class=\"wp-element-caption\">Ali El Kara, Administrateur<br>Service Administratif &#8211; CRRA Mekn\u00e8s<\/figcaption><\/figure><\/div>\n\n\n<p>Ali est titulaire en 2017 d\u2019une licence de droit &nbsp;(Option Droit Priv\u00e9) de l\u2019Universit\u00e9 Mohammed V et dispose d\u2019une bonne exp\u00e9rience en assistance administrative, comptabilit\u00e9 et supervision op\u00e9rationnelle.<\/p>\n\n\n\n<p><\/p>\n\n\n\n<p><\/p>\n\n\n\n<p><\/p>\n\n\n\n<p><\/p>\n\n\n\n<p><\/p>\n\n\n\n<figure class=\"wp-block-pullquote\"><blockquote><p><br><br>Bienvenue \u00e0 touTEs et souhaits de succ\u00e8s !<\/p><\/blockquote><\/figure>\n","protected":false},"excerpt":{"rendered":"<p>Deux chercheures, deux technicienNEs et un administrateur viennent renforcer le staff du Centre R\u00e9gional de la Recherche Agronomique de Mekn\u00e8s : Oumaima Rachik, chercheure en am\u00e9lioration g\u00e9n\u00e9tique des c\u00e9r\u00e9ales Oumaima est Ing\u00e9nieur Agronome, laur\u00e9ate en 2020 de l\u2019IAV Hassan II &hellip; <a href=\"https:\/\/inrameknes.info\/?p=4956\">Continuer la lecture <span class=\"meta-nav\">&rarr;<\/span><\/a><\/p>\n","protected":false},"author":1,"featured_media":0,"comment_status":"closed","ping_status":"closed","sticky":false,"template":"","format":"standard","meta":{"footnotes":""},"categories":[725],"tags":[786],"class_list":["post-4956","post","type-post","status-publish","format-standard","hentry","category-personnel","tag-staff"],"_links":{"self":[{"href":"https:\/\/inrameknes.info\/index.php?rest_route=\/wp\/v2\/posts\/4956","targetHints":{"allow":["GET"]}}],"collection":[{"href":"https:\/\/inrameknes.info\/index.php?rest_route=\/wp\/v2\/posts"}],"about":[{"href":"https:\/\/inrameknes.info\/index.php?rest_route=\/wp\/v2\/types\/post"}],"author":[{"embeddable":true,"href":"https:\/\/inrameknes.info\/index.php?rest_route=\/wp\/v2\/users\/1"}],"replies":[{"embeddable":true,"href":"https:\/\/inrameknes.info\/index.php?rest_route=%2Fwp%2Fv2%2Fcomments&post=4956"}],"version-history":[{"count":15,"href":"https:\/\/inrameknes.info\/index.php?rest_route=\/wp\/v2\/posts\/4956\/revisions"}],"predecessor-version":[{"id":4992,"href":"https:\/\/inrameknes.info\/index.php?rest_route=\/wp\/v2\/posts\/4956\/revisions\/4992"}],"wp:attachment":[{"href":"https:\/\/inrameknes.info\/index.php?rest_route=%2Fwp%2Fv2%2Fmedia&parent=4956"}],"wp:term":[{"taxonomy":"category","embeddable":true,"href":"https:\/\/inrameknes.info\/index.php?rest_route=%2Fwp%2Fv2%2Fcategories&post=4956"},{"taxonomy":"post_tag","embeddable":true,"href":"https:\/\/inrameknes.info\/index.php?rest_route=%2Fwp%2Fv2%2Ftags&post=4956"}],"curies":[{"name":"wp","href":"https:\/\/api.w.org\/{rel}","templated":true}]}}