{"id":4692,"date":"2024-02-29T16:24:19","date_gmt":"2024-02-29T15:24:19","guid":{"rendered":"https:\/\/inrameknes.info\/?p=4692"},"modified":"2024-02-29T20:32:40","modified_gmt":"2024-02-29T19:32:40","slug":"preparation-des-orientations-de-recherche-a-moyen-terme-de-linra-pour-2025-2028","status":"publish","type":"post","link":"https:\/\/inrameknes.info\/?p=4692","title":{"rendered":"Pr\u00e9paration des orientations de recherche \u00e0 moyen terme de l\u2019INRA pour 2025-2028"},"content":{"rendered":"\n<blockquote class=\"wp-block-quote is-style-plain is-layout-flow wp-block-quote-is-layout-flow\">\n<h1 class=\"wp-block-heading has-text-align-center\"><mark style=\"background-color:#ff6900\" class=\"has-inline-color has-black-color\"><strong>Atelier de concertation avec les partenaires du CRRA Mekn\u00e8s &#8211; 29 f\u00e9vrier 2024.<\/strong><\/mark><\/h1>\n<\/blockquote>\n\n\n\n<figure class=\"wp-block-image size-large\"><a href=\"https:\/\/inrameknes.info\/wp-content\/uploads\/2024\/02\/IMG_3246-scaled.jpg\"><img loading=\"lazy\" decoding=\"async\" width=\"1024\" height=\"290\" src=\"https:\/\/inrameknes.info\/wp-content\/uploads\/2024\/02\/IMG_3246-1024x290.jpg\" alt=\"\" class=\"wp-image-4699\" srcset=\"https:\/\/inrameknes.info\/wp-content\/uploads\/2024\/02\/IMG_3246-1024x290.jpg 1024w, https:\/\/inrameknes.info\/wp-content\/uploads\/2024\/02\/IMG_3246-300x85.jpg 300w, https:\/\/inrameknes.info\/wp-content\/uploads\/2024\/02\/IMG_3246-768x217.jpg 768w, https:\/\/inrameknes.info\/wp-content\/uploads\/2024\/02\/IMG_3246-1536x435.jpg 1536w, https:\/\/inrameknes.info\/wp-content\/uploads\/2024\/02\/IMG_3246-2048x580.jpg 2048w\" sizes=\"auto, (max-width: 1024px) 100vw, 1024px\" \/><\/a><\/figure>\n\n\n\n<p>Le CRRA Mekn\u00e8s a organis\u00e9 ce mercredi 29 f\u00e9vrier 2024 une journ\u00e9e de cadrage du Programme de Recherche \u00e0 Moyen Terme (PRMT) 2025 \u2013 2028.<\/p>\n\n\n\n<p>Cet \u00e9v\u00e8nement est tenu en tant qu\u2019espace de concertation avec les acteurs institutionnels et professionnels afin de partager les acquis saillants du CRRA Mekn\u00e8s au titre du PRMT 2020-2024 et aussi pour identifier les besoins et propositions en recherches agricoles prioritaires pour la r\u00e9gion F\u00e8s-Mekn\u00e8s \u00e0 l\u2019horizon 2028.<\/p>\n\n\n\n<figure class=\"wp-block-image size-large\"><a href=\"https:\/\/inrameknes.info\/wp-content\/uploads\/2024\/02\/IMG_3242-scaled.jpg\"><img loading=\"lazy\" decoding=\"async\" width=\"1024\" height=\"380\" src=\"https:\/\/inrameknes.info\/wp-content\/uploads\/2024\/02\/IMG_3242-1024x380.jpg\" alt=\"\" class=\"wp-image-4700\" srcset=\"https:\/\/inrameknes.info\/wp-content\/uploads\/2024\/02\/IMG_3242-1024x380.jpg 1024w, https:\/\/inrameknes.info\/wp-content\/uploads\/2024\/02\/IMG_3242-300x111.jpg 300w, https:\/\/inrameknes.info\/wp-content\/uploads\/2024\/02\/IMG_3242-768x285.jpg 768w, https:\/\/inrameknes.info\/wp-content\/uploads\/2024\/02\/IMG_3242-1536x571.jpg 1536w, https:\/\/inrameknes.info\/wp-content\/uploads\/2024\/02\/IMG_3242-2048x761.jpg 2048w\" sizes=\"auto, (max-width: 1024px) 100vw, 1024px\" \/><\/a><\/figure>\n\n\n\n<p>Pr\u00e9sid\u00e9e, pour le Directeur de l\u2019INRA, par Dr Imane Thami Alami (Cheffe de la Division scientifique) et anim\u00e9e par Dr Abderrahim Benta\u00efbi (Chef du CRRA Mekn\u00e8s), cette rencontre a enregistr\u00e9 la participation de repr\u00e9sentantEs des acteurs institutionnels r\u00e9gionaux de l\u2019agriculture aux c\u00f4t\u00e9s de repr\u00e9sentantEs des organisations professionnelles partenaires&nbsp;; la F\u00e9DAM et la Folea en l\u2019occurrence, en plus d&rsquo;agriculteurs partenaires.<\/p>\n\n\n\n<p>La pr\u00e9sentation des r\u00e9sultats et acquis du PRMT 2020-24 a \u00e9t\u00e9 r\u00e9alis\u00e9e en deux temps\u00a0; d\u2019abord un expos\u00e9 donn\u00e9 par Dr Rachid Razouk autour des acquis du M\u00e9gaprojet de recherche sur l\u2019arboriculture \u2013 viticulture, suivi d\u2019une deuxi\u00e8me pr\u00e9sentation ax\u00e9e sur le M\u00e9gaprojet de recherche sur les ol\u00e9agineux, assur\u00e9e par Dr Abdelghani Nabloussi.<\/p>\n\n\n<div class=\"wp-block-image\">\n<figure class=\"alignleft size-large is-resized\"><a href=\"https:\/\/inrameknes.info\/wp-content\/uploads\/2024\/02\/IMG_3255.jpg\"><img loading=\"lazy\" decoding=\"async\" width=\"918\" height=\"1024\" src=\"https:\/\/inrameknes.info\/wp-content\/uploads\/2024\/02\/IMG_3255-918x1024.jpg\" alt=\"\" class=\"wp-image-4701\" style=\"aspect-ratio:0.896484375;width:273px;height:auto\" srcset=\"https:\/\/inrameknes.info\/wp-content\/uploads\/2024\/02\/IMG_3255-918x1024.jpg 918w, https:\/\/inrameknes.info\/wp-content\/uploads\/2024\/02\/IMG_3255-269x300.jpg 269w, https:\/\/inrameknes.info\/wp-content\/uploads\/2024\/02\/IMG_3255-768x857.jpg 768w, https:\/\/inrameknes.info\/wp-content\/uploads\/2024\/02\/IMG_3255-1377x1536.jpg 1377w, https:\/\/inrameknes.info\/wp-content\/uploads\/2024\/02\/IMG_3255.jpg 1809w\" sizes=\"auto, (max-width: 918px) 100vw, 918px\" \/><\/a><figcaption class=\"wp-element-caption\"><sup>Dr Rachid Razouk, SRD-CRRA Mekn\u00e8s<\/sup><\/figcaption><\/figure><\/div>\n\n<div class=\"wp-block-image\">\n<figure class=\"alignright size-large is-resized\"><a href=\"https:\/\/inrameknes.info\/wp-content\/uploads\/2024\/02\/IMG_3257-1.jpg\"><img loading=\"lazy\" decoding=\"async\" width=\"911\" height=\"1024\" src=\"https:\/\/inrameknes.info\/wp-content\/uploads\/2024\/02\/IMG_3257-1-911x1024.jpg\" alt=\"\" class=\"wp-image-4706\" style=\"aspect-ratio:0.8896484375;width:291px;height:auto\" srcset=\"https:\/\/inrameknes.info\/wp-content\/uploads\/2024\/02\/IMG_3257-1-911x1024.jpg 911w, https:\/\/inrameknes.info\/wp-content\/uploads\/2024\/02\/IMG_3257-1-267x300.jpg 267w, https:\/\/inrameknes.info\/wp-content\/uploads\/2024\/02\/IMG_3257-1-768x863.jpg 768w, https:\/\/inrameknes.info\/wp-content\/uploads\/2024\/02\/IMG_3257-1.jpg 1247w\" sizes=\"auto, (max-width: 911px) 100vw, 911px\" \/><\/a><figcaption class=\"wp-element-caption\"><sup>Dr Abdelghani Nabloussi, URAPCRG-CRRA Mekn\u00e8s<\/sup><\/figcaption><\/figure><\/div>\n\n\n<p><\/p>\n\n\n\n<p><\/p>\n\n\n\n<p><\/p>\n\n\n\n<p><\/p>\n\n\n\n<p><\/p>\n\n\n\n<p><\/p>\n\n\n\n<p><\/p>\n\n\n\n<p><\/p>\n\n\n\n<p><\/p>\n\n\n\n<p><\/p>\n\n\n\n<p>Les discussions d\u2019ordre g\u00e9n\u00e9ral qui s\u2019en sont suivies ont pu \u00eatre approfondies en ateliers th\u00e9matiques d\u00e9di\u00e9s \u00e0 la collecte des propositions des partenaires du CRRA Mekn\u00e8s en termes de besoins et d\u2019opportunit\u00e9s de recherche agricole pour la p\u00e9riode 2025-2028.<\/p>\n\n\n\n<p><\/p>\n","protected":false},"excerpt":{"rendered":"<p>Atelier de concertation avec les partenaires du CRRA Mekn\u00e8s &#8211; 29 f\u00e9vrier 2024. Le CRRA Mekn\u00e8s a organis\u00e9 ce mercredi 29 f\u00e9vrier 2024 une journ\u00e9e de cadrage du Programme de Recherche \u00e0 Moyen Terme (PRMT) 2025 \u2013 2028. Cet \u00e9v\u00e8nement &hellip; <a href=\"https:\/\/inrameknes.info\/?p=4692\">Continuer la lecture <span class=\"meta-nav\">&rarr;<\/span><\/a><\/p>\n","protected":false},"author":1,"featured_media":0,"comment_status":"closed","ping_status":"closed","sticky":false,"template":"","format":"standard","meta":{"footnotes":""},"categories":[788],"tags":[868,869,871,872],"class_list":["post-4692","post","type-post","status-publish","format-standard","hentry","category-reunion","tag-journee-de-concertation","tag-partenaires","tag-prmt-2020-2024","tag-prmt-2025-2028"],"_links":{"self":[{"href":"https:\/\/inrameknes.info\/index.php?rest_route=\/wp\/v2\/posts\/4692","targetHints":{"allow":["GET"]}}],"collection":[{"href":"https:\/\/inrameknes.info\/index.php?rest_route=\/wp\/v2\/posts"}],"about":[{"href":"https:\/\/inrameknes.info\/index.php?rest_route=\/wp\/v2\/types\/post"}],"author":[{"embeddable":true,"href":"https:\/\/inrameknes.info\/index.php?rest_route=\/wp\/v2\/users\/1"}],"replies":[{"embeddable":true,"href":"https:\/\/inrameknes.info\/index.php?rest_route=%2Fwp%2Fv2%2Fcomments&post=4692"}],"version-history":[{"count":17,"href":"https:\/\/inrameknes.info\/index.php?rest_route=\/wp\/v2\/posts\/4692\/revisions"}],"predecessor-version":[{"id":4714,"href":"https:\/\/inrameknes.info\/index.php?rest_route=\/wp\/v2\/posts\/4692\/revisions\/4714"}],"wp:attachment":[{"href":"https:\/\/inrameknes.info\/index.php?rest_route=%2Fwp%2Fv2%2Fmedia&parent=4692"}],"wp:term":[{"taxonomy":"category","embeddable":true,"href":"https:\/\/inrameknes.info\/index.php?rest_route=%2Fwp%2Fv2%2Fcategories&post=4692"},{"taxonomy":"post_tag","embeddable":true,"href":"https:\/\/inrameknes.info\/index.php?rest_route=%2Fwp%2Fv2%2Ftags&post=4692"}],"curies":[{"name":"wp","href":"https:\/\/api.w.org\/{rel}","templated":true}]}}