{"id":4512,"date":"2023-07-13T20:00:29","date_gmt":"2023-07-13T19:00:29","guid":{"rendered":"http:\/\/inrameknes.info\/?p=4512"},"modified":"2023-07-13T20:05:44","modified_gmt":"2023-07-13T19:05:44","slug":"des-recherche-en-agroforesterie-pour-accompagner-les-projets-dextension-la-mise-en-oeuvre-de-la-strategie-generation-green","status":"publish","type":"post","link":"https:\/\/inrameknes.info\/?p=4512","title":{"rendered":"Des recherche en agroforesterie pour accompagner les projets \u00ab G\u00e9n\u00e9ration Green \u00bb."},"content":{"rendered":"<div id=\"attachment_4517\" style=\"width: 650px\" class=\"wp-caption aligncenter\"><a href=\"http:\/\/inrameknes.info\/wp-content\/uploads\/2023\/07\/Bekkaoui.jpg\"><img loading=\"lazy\" decoding=\"async\" aria-describedby=\"caption-attachment-4517\" class=\"size-large wp-image-4517\" src=\"http:\/\/inrameknes.info\/wp-content\/uploads\/2023\/07\/Bekkaoui-1024x405.jpg\" alt=\"Ouverture du s\u00e9minaire par Dr Faouzi  Bekkaoui, Directeur INRA\" width=\"640\" height=\"253\" srcset=\"https:\/\/inrameknes.info\/wp-content\/uploads\/2023\/07\/Bekkaoui-1024x405.jpg 1024w, https:\/\/inrameknes.info\/wp-content\/uploads\/2023\/07\/Bekkaoui-300x118.jpg 300w\" sizes=\"auto, (max-width: 640px) 100vw, 640px\" \/><\/a><p id=\"caption-attachment-4517\" class=\"wp-caption-text\">Ouverture du s\u00e9minaire par Dr Faouzi Bekkaoui, Directeur INRA<\/p><\/div>\n<p><a href=\"http:\/\/inrameknes.info\/wp-content\/uploads\/2023\/07\/Affiche.jpg\"><img loading=\"lazy\" decoding=\"async\" class=\"alignright size-medium wp-image-4504\" src=\"http:\/\/inrameknes.info\/wp-content\/uploads\/2023\/07\/Affiche-212x300.jpg\" alt=\"Affiche\" width=\"212\" height=\"300\" srcset=\"https:\/\/inrameknes.info\/wp-content\/uploads\/2023\/07\/Affiche-212x300.jpg 212w, https:\/\/inrameknes.info\/wp-content\/uploads\/2023\/07\/Affiche-723x1024.jpg 723w, https:\/\/inrameknes.info\/wp-content\/uploads\/2023\/07\/Affiche.jpg 1131w\" sizes=\"auto, (max-width: 212px) 100vw, 212px\" \/><\/a>Dr Faouzi Bekkaoui, Directeur de l\u2019INRA, a pr\u00e9sid\u00e9 en d\u00e9but de matin\u00e9e de ce jeudi 13 juillet 2023 l\u2019ouverture du s\u00e9minaire organis\u00e9 par l\u2019INRA-CRRA Mekn\u00e8s sous le th\u00e8me \u00ab <strong>L\u2019agroforesterie : une alternative prometteuse d\u2019att\u00e9nuation, d\u2019adaptation et de r\u00e9silience au changement climatique<\/strong> \u00bb. Dans son allocution donn\u00e9e en ligne, Dr Bekkaoui a soulign\u00e9 que ce s\u00e9minaire, premier de son genre, est une occasion pour partager les acquis de recherche en agroforesterie et aussi pour impliquer tous les partenaires de la recherche agronomique dans une orientation collective d\u2019appui aux programmes d\u2019extension des superficies arboricoles planifi\u00e9s dans le cadre de la strat\u00e9gie \u00ab <strong>G\u00e9n\u00e9ration Green<\/strong> \u00bb, \u00e0 leur conception, aux modes de gestion ainsi qu\u2019\u00e0 leur durabilit\u00e9 compte tenu des impacts du changement climatique.<\/p>\n<div id=\"attachment_4518\" style=\"width: 650px\" class=\"wp-caption aligncenter\"><a href=\"http:\/\/inrameknes.info\/wp-content\/uploads\/2023\/07\/Pr\u00e9sidence.jpg\"><img loading=\"lazy\" decoding=\"async\" aria-describedby=\"caption-attachment-4518\" class=\"size-large wp-image-4518\" src=\"http:\/\/inrameknes.info\/wp-content\/uploads\/2023\/07\/Pr\u00e9sidence-1024x427.jpg\" alt=\"Pr\u00e9sidence du s\u00e9minaire : Dr R. Razouk (SRD CRRA Mekn\u00e8s), Dr A. Benta\u00efbi (Chef du CRRA Mekn\u00e8s), Dr R Mrabet et Dr M. Sbaghi (DS-INRA)\" width=\"640\" height=\"266\" srcset=\"https:\/\/inrameknes.info\/wp-content\/uploads\/2023\/07\/Pr\u00e9sidence-1024x427.jpg 1024w, https:\/\/inrameknes.info\/wp-content\/uploads\/2023\/07\/Pr\u00e9sidence-300x125.jpg 300w\" sizes=\"auto, (max-width: 640px) 100vw, 640px\" \/><\/a><p id=\"caption-attachment-4518\" class=\"wp-caption-text\">Pr\u00e9sidence du s\u00e9minaire : Dr R. Razouk (SRD CRRA Mekn\u00e8s), Dr A. Benta\u00efbi (Chef du CRRA Mekn\u00e8s), Dr R Mrabet et Dr M. Sbaghi (DS-INRA)<\/p><\/div>\n<p><!--more-->Quatre intervenants se sont ensuite succ\u00e9d\u00e9s \u00e0 la tribune du s\u00e9minaire pour saisir dans les deux premi\u00e8res pr\u00e9sentations (i) l\u2019agroforesterie en tant qu\u2019approche int\u00e9gr\u00e9e de gestion durable des terres et de s\u00e9questration du carbone et, (ii) pour cerner l\u2019optimisation de la productivit\u00e9 des syst\u00e8mes agroforestiers entre la pratique des agriculteurs et l&rsquo;exp\u00e9rimentation. Une troisi\u00e8me communication orale s\u2019est int\u00e9ress\u00e9e au comportement de p\u00e2turage des caprins dans les ch\u00eanaies rifaines alors que la derni\u00e8re a fait le tour du bilan PMV et des perspectives dans le cadre de la strat\u00e9gie GG du d\u00e9veloppement et d&rsquo;extension des superficies arboricoles. Avant de donner le mot \u00e0 la salle, l\u2019assistance a suivi avec int\u00e9r\u00eat les t\u00e9moignages de professionnels relatant les acquis de leurs exp\u00e9riences et les contraintes rencontr\u00e9es dans ce domaine (<a href=\"http:\/\/inrameknes.info\/wp-content\/uploads\/2023\/07\/Pr\u00e9sentation-et-programme-du-s\u00e9minaire-Agroforesterie.pdf\" target=\"_blank\">Pr\u00e9sentation et programme du s\u00e9minaire<\/a>).<\/p>\n<p>A noter que les doctorantEs de l\u2019INRA travaillant sur le th\u00e8me au centre du d\u00e9bat ont eu l\u2019occasion de pr\u00e9senter leurs travaux \u00e0 travers 13 communications affich\u00e9s ayant meubl\u00e9 la s\u00e9ance posters du s\u00e9minaire (<a href=\"http:\/\/inrameknes.info\/wp-content\/uploads\/2023\/07\/Recueil-des-r\u00e9sum\u00e9s-S\u00e9minaire-Agroforesterie_13-juil-2023.pdf\" target=\"_blank\">Recueil des r\u00e9sum\u00e9s des communications orales et affich\u00e9es<\/a>).<\/p>\n<p>R\u00e9alis\u00e9e en mode hybride, cette manifestation a \u00e9t\u00e9 suivie tant en pr\u00e9sentiel qu\u2019en ligne par plus d\u2019une centaine de scientifiques, cadres du d\u00e9veloppement et du conseil agricoles, \u00e9tudiants et professionnels du secteur agricole. Le s\u00e9minaire a aussi b\u00e9n\u00e9fici\u00e9 d\u2019un int\u00e9r\u00eat m\u00e9diatique prononc\u00e9 \u00e0 travers les diff\u00e9rents espaces qui lui sont d\u00e9di\u00e9s au sein de la presse \u00e9lectronique et sp\u00e9cialis\u00e9e, des radios nationale et r\u00e9gionales (F\u00e8s et Mekn\u00e8s) mais aussi \u00e0 travers la couverture en images r\u00e9alis\u00e9e par la cha\u00eene de t\u00e9l\u00e9vision Al Aoula.<\/p>\n<p><strong>Les intervenants :<\/strong><\/p>\n<div id=\"attachment_4519\" style=\"width: 310px\" class=\"wp-caption aligncenter\"><a href=\"http:\/\/inrameknes.info\/wp-content\/uploads\/2023\/07\/Dr-Rachid-Mrabet.jpg\"><img loading=\"lazy\" decoding=\"async\" aria-describedby=\"caption-attachment-4519\" class=\"size-medium wp-image-4519\" src=\"http:\/\/inrameknes.info\/wp-content\/uploads\/2023\/07\/Dr-Rachid-Mrabet-300x229.jpg\" alt=\"Dr Rachid Mrabet (DS-INRA) : Agroforesterie, une approche int\u00e9gr\u00e9e de gestion durable des terres et de s\u00e9questration du carbone \" width=\"300\" height=\"229\" srcset=\"https:\/\/inrameknes.info\/wp-content\/uploads\/2023\/07\/Dr-Rachid-Mrabet-300x229.jpg 300w, https:\/\/inrameknes.info\/wp-content\/uploads\/2023\/07\/Dr-Rachid-Mrabet-1024x782.jpg 1024w\" sizes=\"auto, (max-width: 300px) 100vw, 300px\" \/><\/a><p id=\"caption-attachment-4519\" class=\"wp-caption-text\">Dr Rachid Mrabet (DS-INRA): Agroforesterie, une approche int\u00e9gr\u00e9e de gestion durable des terres et de s\u00e9questration du carbone<\/p><\/div>\n<div id=\"attachment_4520\" style=\"width: 310px\" class=\"wp-caption aligncenter\"><a href=\"http:\/\/inrameknes.info\/wp-content\/uploads\/2023\/07\/Dr-Khalid-Daoui.jpg\"><img loading=\"lazy\" decoding=\"async\" aria-describedby=\"caption-attachment-4520\" class=\"size-medium wp-image-4520\" src=\"http:\/\/inrameknes.info\/wp-content\/uploads\/2023\/07\/Dr-Khalid-Daoui-300x241.jpg\" alt=\"Dr Khalid Daoui (CRRA Mekn\u00e8s) : Optimisation de la productivit\u00e9 des syst\u00e8mes agroforestiers : de la pratique des agriculteurs \u00e0 l'exp\u00e9rimentation (co-auteurEs : Dr K. Bouhafa &amp; Dr R. Razouk)\" width=\"300\" height=\"241\" srcset=\"https:\/\/inrameknes.info\/wp-content\/uploads\/2023\/07\/Dr-Khalid-Daoui-300x241.jpg 300w, https:\/\/inrameknes.info\/wp-content\/uploads\/2023\/07\/Dr-Khalid-Daoui-1024x825.jpg 1024w\" sizes=\"auto, (max-width: 300px) 100vw, 300px\" \/><\/a><p id=\"caption-attachment-4520\" class=\"wp-caption-text\">Dr Khalid Daoui (INRA Mekn\u00e8s) : Optimisation de la productivit\u00e9 des syst\u00e8mes agroforestiers : de la pratique des agriculteurs \u00e0 l&rsquo;exp\u00e9rimentation (co-auteurEs : Dr K. Bouhafa &amp; Dr R. Razouk)<\/p><\/div>\n<div id=\"attachment_4521\" style=\"width: 252px\" class=\"wp-caption aligncenter\"><a href=\"http:\/\/inrameknes.info\/wp-content\/uploads\/2023\/07\/Dr-Youssef-Chebli.jpg\"><img loading=\"lazy\" decoding=\"async\" aria-describedby=\"caption-attachment-4521\" class=\"size-medium wp-image-4521\" src=\"http:\/\/inrameknes.info\/wp-content\/uploads\/2023\/07\/Dr-Youssef-Chebli-242x300.jpg\" alt=\"Dr Youssef Chebli (CRRA Tanger) : Comportement de p\u00e2turage des caprins dans les ch\u00eanaies rifaines\" width=\"242\" height=\"300\" srcset=\"https:\/\/inrameknes.info\/wp-content\/uploads\/2023\/07\/Dr-Youssef-Chebli-242x300.jpg 242w, https:\/\/inrameknes.info\/wp-content\/uploads\/2023\/07\/Dr-Youssef-Chebli-827x1024.jpg 827w\" sizes=\"auto, (max-width: 242px) 100vw, 242px\" \/><\/a><p id=\"caption-attachment-4521\" class=\"wp-caption-text\">Dr Youssef Chebli (INRA Tanger) : Comportement de p\u00e2turage des caprins dans les ch\u00eanaies rifaines<\/p><\/div>\n<div id=\"attachment_4522\" style=\"width: 310px\" class=\"wp-caption aligncenter\"><a href=\"http:\/\/inrameknes.info\/wp-content\/uploads\/2023\/07\/Dr-Mustapha-Mrhari.jpg\"><img loading=\"lazy\" decoding=\"async\" aria-describedby=\"caption-attachment-4522\" class=\"size-medium wp-image-4522\" src=\"http:\/\/inrameknes.info\/wp-content\/uploads\/2023\/07\/Dr-Mustapha-Mrhari-300x266.jpg\" alt=\"Dr Mustapha Mrhari (DRA FM) : D\u00e9veloppement et extension des superficies arboricoles : Bilan PMV et perspectives dans le cadre de la strat\u00e9gie GG\" width=\"300\" height=\"266\" srcset=\"https:\/\/inrameknes.info\/wp-content\/uploads\/2023\/07\/Dr-Mustapha-Mrhari-300x266.jpg 300w, https:\/\/inrameknes.info\/wp-content\/uploads\/2023\/07\/Dr-Mustapha-Mrhari-1024x910.jpg 1024w\" sizes=\"auto, (max-width: 300px) 100vw, 300px\" \/><\/a><p id=\"caption-attachment-4522\" class=\"wp-caption-text\">Dr Mustapha Mrhari (DRA FM) : D\u00e9veloppement et extension des superficies arboricoles : Bilan PMV et perspectives dans le cadre de la strat\u00e9gie GG<\/p><\/div>\n<p><strong>\u00a0S\u00e9ance posters :<\/strong><\/p>\n<p><a href=\"http:\/\/inrameknes.info\/wp-content\/uploads\/2023\/07\/S\u00e9ance-posters.jpg\"><img loading=\"lazy\" decoding=\"async\" class=\"aligncenter size-large wp-image-4523\" src=\"http:\/\/inrameknes.info\/wp-content\/uploads\/2023\/07\/S\u00e9ance-posters-1024x475.jpg\" alt=\"S\u00e9ance posters\" width=\"640\" height=\"296\" srcset=\"https:\/\/inrameknes.info\/wp-content\/uploads\/2023\/07\/S\u00e9ance-posters-1024x475.jpg 1024w, https:\/\/inrameknes.info\/wp-content\/uploads\/2023\/07\/S\u00e9ance-posters-300x139.jpg 300w\" sizes=\"auto, (max-width: 640px) 100vw, 640px\" \/><\/a><\/p>\n<p><a href=\"http:\/\/inrameknes.info\/wp-content\/uploads\/2023\/07\/IMG_2976.jpg\"><img loading=\"lazy\" decoding=\"async\" class=\"aligncenter size-large wp-image-4524\" src=\"http:\/\/inrameknes.info\/wp-content\/uploads\/2023\/07\/IMG_2976-1024x531.jpg\" alt=\"IMG_2976\" width=\"640\" height=\"331\" srcset=\"https:\/\/inrameknes.info\/wp-content\/uploads\/2023\/07\/IMG_2976-1024x531.jpg 1024w, https:\/\/inrameknes.info\/wp-content\/uploads\/2023\/07\/IMG_2976-300x155.jpg 300w\" sizes=\"auto, (max-width: 640px) 100vw, 640px\" \/><\/a><\/p>\n<p>&nbsp;<\/p>\n<p><a href=\"http:\/\/inrameknes.info\/wp-content\/uploads\/2023\/07\/Pr\u00e9sentation-et-programme-du-s\u00e9minaire-Agroforesterie.pdf\" target=\"_blank\">Pr\u00e9sentation et programme du s\u00e9minaire<\/a><\/p>\n<p><a href=\"http:\/\/inrameknes.info\/wp-content\/uploads\/2023\/07\/Recueil-des-r\u00e9sum\u00e9s-S\u00e9minaire-Agroforesterie_13-juil-2023.pdf\" target=\"_blank\">Recueil des r\u00e9sum\u00e9s des communications orales et affich\u00e9es<\/a><\/p>\n","protected":false},"excerpt":{"rendered":"<p>Dr Faouzi Bekkaoui, Directeur de l\u2019INRA, a pr\u00e9sid\u00e9 en d\u00e9but de matin\u00e9e de ce jeudi 13 juillet 2023 l\u2019ouverture du s\u00e9minaire organis\u00e9 par l\u2019INRA-CRRA Mekn\u00e8s sous le th\u00e8me \u00ab L\u2019agroforesterie : une alternative prometteuse d\u2019att\u00e9nuation, d\u2019adaptation et de r\u00e9silience au &hellip; <a href=\"https:\/\/inrameknes.info\/?p=4512\">Continuer la lecture <span class=\"meta-nav\">&rarr;<\/span><\/a><\/p>\n","protected":false},"author":1,"featured_media":0,"comment_status":"closed","ping_status":"closed","sticky":false,"template":"","format":"standard","meta":{"footnotes":""},"categories":[366,82],"tags":[],"class_list":["post-4512","post","type-post","status-publish","format-standard","hentry","category-agroforesterie","category-seminaires"],"_links":{"self":[{"href":"https:\/\/inrameknes.info\/index.php?rest_route=\/wp\/v2\/posts\/4512","targetHints":{"allow":["GET"]}}],"collection":[{"href":"https:\/\/inrameknes.info\/index.php?rest_route=\/wp\/v2\/posts"}],"about":[{"href":"https:\/\/inrameknes.info\/index.php?rest_route=\/wp\/v2\/types\/post"}],"author":[{"embeddable":true,"href":"https:\/\/inrameknes.info\/index.php?rest_route=\/wp\/v2\/users\/1"}],"replies":[{"embeddable":true,"href":"https:\/\/inrameknes.info\/index.php?rest_route=%2Fwp%2Fv2%2Fcomments&post=4512"}],"version-history":[{"count":6,"href":"https:\/\/inrameknes.info\/index.php?rest_route=\/wp\/v2\/posts\/4512\/revisions"}],"predecessor-version":[{"id":4528,"href":"https:\/\/inrameknes.info\/index.php?rest_route=\/wp\/v2\/posts\/4512\/revisions\/4528"}],"wp:attachment":[{"href":"https:\/\/inrameknes.info\/index.php?rest_route=%2Fwp%2Fv2%2Fmedia&parent=4512"}],"wp:term":[{"taxonomy":"category","embeddable":true,"href":"https:\/\/inrameknes.info\/index.php?rest_route=%2Fwp%2Fv2%2Fcategories&post=4512"},{"taxonomy":"post_tag","embeddable":true,"href":"https:\/\/inrameknes.info\/index.php?rest_route=%2Fwp%2Fv2%2Ftags&post=4512"}],"curies":[{"name":"wp","href":"https:\/\/api.w.org\/{rel}","templated":true}]}}