{"id":4368,"date":"2023-03-17T11:43:02","date_gmt":"2023-03-17T10:43:02","guid":{"rendered":"http:\/\/inrameknes.info\/?p=4368"},"modified":"2023-03-17T11:57:06","modified_gmt":"2023-03-17T10:57:06","slug":"linra-partenaire-dune-conference-sur-le-semis-direct-a-meknes","status":"publish","type":"post","link":"https:\/\/inrameknes.info\/?p=4368","title":{"rendered":"L\u2019INRA partenaire d\u2019une conf\u00e9rence sur le Semis Direct \u00e0 Mekn\u00e8s"},"content":{"rendered":"<p><a href=\"http:\/\/inrameknes.info\/wp-content\/uploads\/2023\/03\/Affiche.jpeg\"><img loading=\"lazy\" decoding=\"async\" class=\"alignleft size-medium wp-image-4369\" src=\"http:\/\/inrameknes.info\/wp-content\/uploads\/2023\/03\/Affiche-212x300.jpeg\" alt=\"Affiche\" width=\"212\" height=\"300\" srcset=\"https:\/\/inrameknes.info\/wp-content\/uploads\/2023\/03\/Affiche-212x300.jpeg 212w, https:\/\/inrameknes.info\/wp-content\/uploads\/2023\/03\/Affiche-723x1024.jpeg 723w, https:\/\/inrameknes.info\/wp-content\/uploads\/2023\/03\/Affiche.jpeg 1131w\" sizes=\"auto, (max-width: 212px) 100vw, 212px\" \/><\/a>La conf\u00e9rence \u00ab\u00a0L\u2019AGRICULTURE DE CONSERVATION, PILIER DE RESILIENCE DANS LA STRATEGIE DE LA GENERATION GREEN\u00a0\u00bb s\u2019est tenue ce jeudi 16 mars 2023 \u00e0 l\u2019ENA Mekn\u00e8s sur initiative de L\u2019Association des Ing\u00e9nieurs de L\u2019Ecole Nationale de l\u2019Agriculture de Mekn\u00e8s en Collaboration avec L\u2019ENA Mekn\u00e8s.<\/p>\n<p>Cet av\u00e8nement organis\u00e9 en partenariat ave l\u2019INRA et l\u2019ICARDA a enregistr\u00e9 la contribution de chercheurs et d\u2019experts nationaux (voir <a href=\"http:\/\/inrameknes.info\/wp-content\/uploads\/2023\/03\/deplient-2.pdf\" target=\"_blank\">programme<\/a>).<\/p>\n","protected":false},"excerpt":{"rendered":"<p>La conf\u00e9rence \u00ab\u00a0L\u2019AGRICULTURE DE CONSERVATION, PILIER DE RESILIENCE DANS LA STRATEGIE DE LA GENERATION GREEN\u00a0\u00bb s\u2019est tenue ce jeudi 16 mars 2023 \u00e0 l\u2019ENA Mekn\u00e8s sur initiative de L\u2019Association des Ing\u00e9nieurs de L\u2019Ecole Nationale de l\u2019Agriculture de Mekn\u00e8s en Collaboration &hellip; <a href=\"https:\/\/inrameknes.info\/?p=4368\">Continuer la lecture <span class=\"meta-nav\">&rarr;<\/span><\/a><\/p>\n","protected":false},"author":1,"featured_media":0,"comment_status":"closed","ping_status":"closed","sticky":false,"template":"","format":"standard","meta":{"footnotes":""},"categories":[82],"tags":[815,62,429,131],"class_list":["post-4368","post","type-post","status-publish","format-standard","hentry","category-seminaires","tag-aiena","tag-ena-meknes","tag-seminaire","tag-semis-direct"],"_links":{"self":[{"href":"https:\/\/inrameknes.info\/index.php?rest_route=\/wp\/v2\/posts\/4368","targetHints":{"allow":["GET"]}}],"collection":[{"href":"https:\/\/inrameknes.info\/index.php?rest_route=\/wp\/v2\/posts"}],"about":[{"href":"https:\/\/inrameknes.info\/index.php?rest_route=\/wp\/v2\/types\/post"}],"author":[{"embeddable":true,"href":"https:\/\/inrameknes.info\/index.php?rest_route=\/wp\/v2\/users\/1"}],"replies":[{"embeddable":true,"href":"https:\/\/inrameknes.info\/index.php?rest_route=%2Fwp%2Fv2%2Fcomments&post=4368"}],"version-history":[{"count":2,"href":"https:\/\/inrameknes.info\/index.php?rest_route=\/wp\/v2\/posts\/4368\/revisions"}],"predecessor-version":[{"id":4372,"href":"https:\/\/inrameknes.info\/index.php?rest_route=\/wp\/v2\/posts\/4368\/revisions\/4372"}],"wp:attachment":[{"href":"https:\/\/inrameknes.info\/index.php?rest_route=%2Fwp%2Fv2%2Fmedia&parent=4368"}],"wp:term":[{"taxonomy":"category","embeddable":true,"href":"https:\/\/inrameknes.info\/index.php?rest_route=%2Fwp%2Fv2%2Fcategories&post=4368"},{"taxonomy":"post_tag","embeddable":true,"href":"https:\/\/inrameknes.info\/index.php?rest_route=%2Fwp%2Fv2%2Ftags&post=4368"}],"curies":[{"name":"wp","href":"https:\/\/api.w.org\/{rel}","templated":true}]}}