{"id":4350,"date":"2023-03-09T09:47:42","date_gmt":"2023-03-09T08:47:42","guid":{"rendered":"http:\/\/inrameknes.info\/?p=4350"},"modified":"2023-03-09T09:47:42","modified_gmt":"2023-03-09T08:47:42","slug":"la-journee-de-la-femme-celebree-au-crra-meknes","status":"publish","type":"post","link":"https:\/\/inrameknes.info\/?p=4350","title":{"rendered":"La Journ\u00e9e de la femme c\u00e9l\u00e9br\u00e9e au CRRA Mekn\u00e8s"},"content":{"rendered":"<p><a href=\"http:\/\/inrameknes.info\/wp-content\/uploads\/2023\/03\/WhatsApp-Image-2023-03-08-at-12.10.14.jpeg\"><img loading=\"lazy\" decoding=\"async\" class=\"alignright size-large wp-image-4351\" src=\"http:\/\/inrameknes.info\/wp-content\/uploads\/2023\/03\/WhatsApp-Image-2023-03-08-at-12.10.14-1024x354.jpeg\" alt=\"WhatsApp Image 2023-03-08 at 12.10.14\" width=\"640\" height=\"221\" srcset=\"https:\/\/inrameknes.info\/wp-content\/uploads\/2023\/03\/WhatsApp-Image-2023-03-08-at-12.10.14-1024x354.jpeg 1024w, https:\/\/inrameknes.info\/wp-content\/uploads\/2023\/03\/WhatsApp-Image-2023-03-08-at-12.10.14-300x103.jpeg 300w, https:\/\/inrameknes.info\/wp-content\/uploads\/2023\/03\/WhatsApp-Image-2023-03-08-at-12.10.14.jpeg 1135w\" sizes=\"auto, (max-width: 640px) 100vw, 640px\" \/><\/a>Une c\u00e9r\u00e9monie en l&rsquo;honneur des femmes de la recherche agronomique de Mekn\u00e8s a \u00e9t\u00e9 organis\u00e9e ce mercredi 08 mars 2023 \u00e0 l&rsquo;occasion de la Journ\u00e9e Internationale de la Femme.<\/p>\n<p>Le Chef du CRRA Mekn\u00e8s a saisi cette opportunit\u00e9 pour louer les valeureux apports des femmes du Centre \u00e0 la r\u00e9alisation des objectifs de la recherche agronomique \u00e0 l&rsquo;\u00e9chelle r\u00e9gionale et nationale, et pour leur souhaiter plein succ\u00e8s dans leurs vies professionnelles et personnelles.<\/p>\n<p><a href=\"http:\/\/inrameknes.info\/wp-content\/uploads\/2023\/03\/WhatsApp-Image-2023-03-08-at-17.38.55.jpeg\"><img loading=\"lazy\" decoding=\"async\" class=\"alignright size-full wp-image-4352\" src=\"http:\/\/inrameknes.info\/wp-content\/uploads\/2023\/03\/WhatsApp-Image-2023-03-08-at-17.38.55.jpeg\" alt=\"WhatsApp Image 2023-03-08 at 17.38.55\" width=\"899\" height=\"485\" srcset=\"https:\/\/inrameknes.info\/wp-content\/uploads\/2023\/03\/WhatsApp-Image-2023-03-08-at-17.38.55.jpeg 899w, https:\/\/inrameknes.info\/wp-content\/uploads\/2023\/03\/WhatsApp-Image-2023-03-08-at-17.38.55-300x161.jpeg 300w\" sizes=\"auto, (max-width: 899px) 100vw, 899px\" \/><\/a><\/p>\n","protected":false},"excerpt":{"rendered":"<p>Une c\u00e9r\u00e9monie en l&rsquo;honneur des femmes de la recherche agronomique de Mekn\u00e8s a \u00e9t\u00e9 organis\u00e9e ce mercredi 08 mars 2023 \u00e0 l&rsquo;occasion de la Journ\u00e9e Internationale de la Femme. Le Chef du CRRA Mekn\u00e8s a saisi cette opportunit\u00e9 pour louer &hellip; <a href=\"https:\/\/inrameknes.info\/?p=4350\">Continuer la lecture <span class=\"meta-nav\">&rarr;<\/span><\/a><\/p>\n","protected":false},"author":1,"featured_media":0,"comment_status":"closed","ping_status":"closed","sticky":false,"template":"","format":"standard","meta":{"footnotes":""},"categories":[115],"tags":[120,785],"class_list":["post-4350","post","type-post","status-publish","format-standard","hentry","category-social","tag-8-mars","tag-social-2"],"_links":{"self":[{"href":"https:\/\/inrameknes.info\/index.php?rest_route=\/wp\/v2\/posts\/4350","targetHints":{"allow":["GET"]}}],"collection":[{"href":"https:\/\/inrameknes.info\/index.php?rest_route=\/wp\/v2\/posts"}],"about":[{"href":"https:\/\/inrameknes.info\/index.php?rest_route=\/wp\/v2\/types\/post"}],"author":[{"embeddable":true,"href":"https:\/\/inrameknes.info\/index.php?rest_route=\/wp\/v2\/users\/1"}],"replies":[{"embeddable":true,"href":"https:\/\/inrameknes.info\/index.php?rest_route=%2Fwp%2Fv2%2Fcomments&post=4350"}],"version-history":[{"count":1,"href":"https:\/\/inrameknes.info\/index.php?rest_route=\/wp\/v2\/posts\/4350\/revisions"}],"predecessor-version":[{"id":4353,"href":"https:\/\/inrameknes.info\/index.php?rest_route=\/wp\/v2\/posts\/4350\/revisions\/4353"}],"wp:attachment":[{"href":"https:\/\/inrameknes.info\/index.php?rest_route=%2Fwp%2Fv2%2Fmedia&parent=4350"}],"wp:term":[{"taxonomy":"category","embeddable":true,"href":"https:\/\/inrameknes.info\/index.php?rest_route=%2Fwp%2Fv2%2Fcategories&post=4350"},{"taxonomy":"post_tag","embeddable":true,"href":"https:\/\/inrameknes.info\/index.php?rest_route=%2Fwp%2Fv2%2Ftags&post=4350"}],"curies":[{"name":"wp","href":"https:\/\/api.w.org\/{rel}","templated":true}]}}