{"id":4329,"date":"2023-03-01T10:12:53","date_gmt":"2023-03-01T09:12:53","guid":{"rendered":"http:\/\/inrameknes.info\/?p=4329"},"modified":"2023-11-16T17:25:04","modified_gmt":"2023-11-16T16:25:04","slug":"seminaire-interne-les-legumineuses-alimentaires-entre-lautogamie-et-lallogamie-cas-des-feves-au-maroc","status":"publish","type":"post","link":"https:\/\/inrameknes.info\/?p=4329","title":{"rendered":"S\u00e9minaire interne : Les l\u00e9gumineuses alimentaires, entre l&rsquo;autogamie et l&rsquo;allogamie : Cas des f\u00e8ves au Maroc."},"content":{"rendered":"<div class=\"wp-block-image\">\n<figure class=\"alignleft\"><a href=\"http:\/\/inrameknes.info\/wp-content\/uploads\/2023\/02\/Ir-Oumaima-Chetto.jpg\"><img loading=\"lazy\" decoding=\"async\" width=\"199\" height=\"300\" src=\"http:\/\/inrameknes.info\/wp-content\/uploads\/2023\/02\/Ir-Oumaima-Chetto-e1677661849510-199x300.jpg\" alt=\"Ir Oumaima Chetto, Chercheuse en  Am\u00e9lioration g\u00e9n\u00e9tique des l\u00e9gumineuses alimentaires (URAPCRG - CRRA Mekn\u00e8s)\" class=\"wp-image-4327\" srcset=\"https:\/\/inrameknes.info\/wp-content\/uploads\/2023\/02\/Ir-Oumaima-Chetto-e1677661849510-199x300.jpg 199w, https:\/\/inrameknes.info\/wp-content\/uploads\/2023\/02\/Ir-Oumaima-Chetto-e1677661849510-679x1024.jpg 679w, https:\/\/inrameknes.info\/wp-content\/uploads\/2023\/02\/Ir-Oumaima-Chetto-e1677661849510.jpg 1496w\" sizes=\"auto, (max-width: 199px) 100vw, 199px\" \/><\/a><figcaption class=\"wp-element-caption\">Ir Oumaima Chetto, Chercheuse en Am\u00e9lioration g\u00e9n\u00e9tique des l\u00e9gumineuses alimentaires (URAPCRG &#8211; CRRA Mekn\u00e8s)<\/figcaption><\/figure><\/div>\n\n\n<p>Ir Oumaima Chetto, chercheure \u00e0 l&rsquo;UR.APCRG du CRRA Mekn\u00e8s, a anim\u00e9 ce lundi 27 f\u00e9vrier 2023 un s\u00e9minaire interne intitul\u00e9 \u00ab\u00a0Les l\u00e9gumineuses alimentaires,\u00a0entre\u00a0 l&rsquo;autogamie et l&rsquo;allogamie :\u00a0Cas des f\u00e8ves au Maroc\u00a0\u00bb devant une trentaine de participantEs; chercheurEs, technicienNEs, doctorantEs et \u00e9tudiants stagiaires.<\/p>\n\n\n\n<p>Le travail de recherche pr\u00e9sent\u00e9 intervient dans le cadre de l&rsquo;affinement des strat\u00e9gies de gestion et de valorisation du mat\u00e9riel g\u00e9n\u00e9tique national en statuant sur le cas du Maroc en mati\u00e8re d&rsquo;autogamie et d&rsquo;allogamie des f\u00e8ves sachant que la litt\u00e9rature scientifique indique un taux d&rsquo;allogamie consid\u00e9rablement variable, allant de 4 \u00e0 84% avec une moyenne autour de 30 \u00e0 40%. Cette \u00e9tude a aussi cherch\u00e9 \u00e0 d\u00e9terminer le taux de f\u00e9condation crois\u00e9e, et ce, en conditions naturelles moyennant des vari\u00e9t\u00e9s marocaines. Ce param\u00e8tre est en effet crucial dans le d\u00e9veloppement des vari\u00e9t\u00e9s synth\u00e9tiques habilit\u00e9es \u00e0 pallier au probl\u00e8me d\u2019instabilit\u00e9 des rendements et aptes \u00e0 exprimer le ph\u00e9nom\u00e8ne d\u2019h\u00e9t\u00e9rosis. La pr\u00e9sente \u00e9tude s\u2019est servi des marqueurs g\u00e9n\u00e9tiques, li\u00e9s \u00e0 la couleur du t\u00e9gument de la graine et \u00e0 la taille et la forme de cette derni\u00e8re, dans deux environnements contrast\u00e9s : Douyet et Sidi Allal Tazi.<\/p>\n\n\n\n<p>Les r\u00e9sultats g\u00e9n\u00e9r\u00e9s peuvent servir de base au programme ult\u00e9rieur de cr\u00e9ation de vari\u00e9t\u00e9s \u00e0 pollinisation libre et aux \u00e9tudes relatives aux changements climatiques notamment l\u2019\u00e9volution de l\u2019abondance des pollinisateurs dans le temps et dans l\u2019espace.<\/p>\n\n\n\n<p><a href=\"http:\/\/inrameknes.info\/wp-content\/uploads\/2023\/03\/R\u00e9sum\u00e9_S\u00e9minaire-Chetto.docx\">R\u00e9sum\u00e9_S\u00e9minaire O. Chetto<\/a><\/p>\n","protected":false},"excerpt":{"rendered":"<p>Ir Oumaima Chetto, chercheure \u00e0 l&rsquo;UR.APCRG du CRRA Mekn\u00e8s, a anim\u00e9 ce lundi 27 f\u00e9vrier 2023 un s\u00e9minaire interne intitul\u00e9 \u00ab\u00a0Les l\u00e9gumineuses alimentaires,\u00a0entre\u00a0 l&rsquo;autogamie et l&rsquo;allogamie :\u00a0Cas des f\u00e8ves au Maroc\u00a0\u00bb devant une trentaine de participantEs; chercheurEs, technicienNEs, doctorantEs et &hellip; <a href=\"https:\/\/inrameknes.info\/?p=4329\">Continuer la lecture <span class=\"meta-nav\">&rarr;<\/span><\/a><\/p>\n","protected":false},"author":1,"featured_media":0,"comment_status":"closed","ping_status":"closed","sticky":false,"template":"","format":"standard","meta":{"footnotes":""},"categories":[1,82],"tags":[722,112,813,429,177],"class_list":["post-4329","post","type-post","status-publish","format-standard","hentry","category-non-classe","category-seminaires","tag-feve","tag-legumineuses-alimentaires","tag-oumaima-chetto","tag-seminaire","tag-seminaire-interne"],"_links":{"self":[{"href":"https:\/\/inrameknes.info\/index.php?rest_route=\/wp\/v2\/posts\/4329","targetHints":{"allow":["GET"]}}],"collection":[{"href":"https:\/\/inrameknes.info\/index.php?rest_route=\/wp\/v2\/posts"}],"about":[{"href":"https:\/\/inrameknes.info\/index.php?rest_route=\/wp\/v2\/types\/post"}],"author":[{"embeddable":true,"href":"https:\/\/inrameknes.info\/index.php?rest_route=\/wp\/v2\/users\/1"}],"replies":[{"embeddable":true,"href":"https:\/\/inrameknes.info\/index.php?rest_route=%2Fwp%2Fv2%2Fcomments&post=4329"}],"version-history":[{"count":4,"href":"https:\/\/inrameknes.info\/index.php?rest_route=\/wp\/v2\/posts\/4329\/revisions"}],"predecessor-version":[{"id":4613,"href":"https:\/\/inrameknes.info\/index.php?rest_route=\/wp\/v2\/posts\/4329\/revisions\/4613"}],"wp:attachment":[{"href":"https:\/\/inrameknes.info\/index.php?rest_route=%2Fwp%2Fv2%2Fmedia&parent=4329"}],"wp:term":[{"taxonomy":"category","embeddable":true,"href":"https:\/\/inrameknes.info\/index.php?rest_route=%2Fwp%2Fv2%2Fcategories&post=4329"},{"taxonomy":"post_tag","embeddable":true,"href":"https:\/\/inrameknes.info\/index.php?rest_route=%2Fwp%2Fv2%2Ftags&post=4329"}],"curies":[{"name":"wp","href":"https:\/\/api.w.org\/{rel}","templated":true}]}}