{"id":4112,"date":"2022-09-30T11:25:08","date_gmt":"2022-09-30T10:25:08","guid":{"rendered":"http:\/\/inrameknes.info\/?p=4112"},"modified":"2022-11-03T17:36:07","modified_gmt":"2022-11-03T16:36:07","slug":"rencontre-au-crra-meknes-du-megaprojet-inra-arboriculture-viticulture","status":"publish","type":"post","link":"https:\/\/inrameknes.info\/?p=4112","title":{"rendered":"Rencontre au CRRA Mekn\u00e8s du M\u00e9gaprojet INRA Arboriculture \u2013 Viticulture"},"content":{"rendered":"<p><a href=\"http:\/\/inrameknes.info\/wp-content\/uploads\/2022\/09\/IMG_1286.jpg\"><img loading=\"lazy\" decoding=\"async\" class=\"alignleft size-large wp-image-4116\" src=\"http:\/\/inrameknes.info\/wp-content\/uploads\/2022\/09\/IMG_1286-1024x388.jpg\" alt=\"IMG_1286\" width=\"640\" height=\"242\" srcset=\"https:\/\/inrameknes.info\/wp-content\/uploads\/2022\/09\/IMG_1286-1024x388.jpg 1024w, https:\/\/inrameknes.info\/wp-content\/uploads\/2022\/09\/IMG_1286-300x113.jpg 300w\" sizes=\"auto, (max-width: 640px) 100vw, 640px\" \/><\/a>La rencontre annuelle du M\u00e9gaprojet INRA 2020-24 Arboriculture \u2013 Viticulture tenue ce jeudi 29 septembre 2022, en mode hybride (pr\u00e9sentiel et visioconf\u00e9rence), a \u00e9t\u00e9 pr\u00e9sid\u00e9e par Dr Faouzi Bekkaoui, Directeur de l\u2019INRA.<\/p>\n<p>Cette grand-messe des \u00e9quipes de recherche des diff\u00e9rents Centres R\u00e9gionaux de l\u2019INRA s\u2019est r\u00e9uni autour du th\u00e8me \u00ab\u00a0Revue de direction pour de meilleures performances\u00a0\u00bb en pr\u00e9sence du staff de la Division Scientifique de l\u2019INRA conduit par Dr Imane Thami Alami qui a anim\u00e9 la r\u00e9union en compagnie de Dr Abderrahim Benta\u00efbi, Chef du CRRA Mekn\u00e8s.<\/p>\n<p><a href=\"http:\/\/inrameknes.info\/wp-content\/uploads\/2022\/09\/IMG_1291.jpg\"><img loading=\"lazy\" decoding=\"async\" class=\"alignleft size-large wp-image-4117\" src=\"http:\/\/inrameknes.info\/wp-content\/uploads\/2022\/09\/IMG_1291-1024x339.jpg\" alt=\"IMG_1291\" width=\"640\" height=\"211\" srcset=\"https:\/\/inrameknes.info\/wp-content\/uploads\/2022\/09\/IMG_1291-1024x339.jpg 1024w, https:\/\/inrameknes.info\/wp-content\/uploads\/2022\/09\/IMG_1291-300x99.jpg 300w\" sizes=\"auto, (max-width: 640px) 100vw, 640px\" \/><\/a><\/p>\n<p>Pas moins que huit expos\u00e9s ont \u00e9t\u00e9 suivi par la nombreuse assistance en vue de renforcer la concertation et la coordination des activit\u00e9s de recherche articul\u00e9es autour des fili\u00e8res pommier, prunier, amandier, cerisier, figuier, grenadier, caroubier, vigne et avocatier.\u00a0A eu lieu aussi une s\u00e9ance poster anim\u00e9e par les PhD students impliqu\u00e9Es dans ce M\u00e9gaprojet coordonn\u00e9 Par Dr Rachid Razouk.<\/p>\n<p><a href=\"http:\/\/inrameknes.info\/wp-content\/uploads\/2022\/09\/IMG_1294.jpg\"><img loading=\"lazy\" decoding=\"async\" class=\"alignleft size-large wp-image-4118\" src=\"http:\/\/inrameknes.info\/wp-content\/uploads\/2022\/09\/IMG_1294-1024x333.jpg\" alt=\"IMG_1294\" width=\"640\" height=\"208\" srcset=\"https:\/\/inrameknes.info\/wp-content\/uploads\/2022\/09\/IMG_1294-1024x333.jpg 1024w, https:\/\/inrameknes.info\/wp-content\/uploads\/2022\/09\/IMG_1294-300x97.jpg 300w\" sizes=\"auto, (max-width: 640px) 100vw, 640px\" \/><\/a><\/p>\n<p>Les d\u00e9bats se sont poursuivis le long de la journ\u00e9e et jusqu\u2019en d\u00e9but de soir\u00e9e et plusieurs recommandations ont ainsi \u00e9t\u00e9 \u00e9mises en vue de promouvoir les r\u00e9sultats de recherche en accompagnement des objectifs de la strat\u00e9gie G\u00e9n\u00e9ration Green 2020-2030.<\/p>\n<p><a href=\"http:\/\/inrameknes.info\/wp-content\/uploads\/2022\/09\/Programme-journ\u00e9e-MP-Arbo-viti-29-Sept.pdf\" target=\"_blank\">Programme journ\u00e9e MP Arbo-viti 29 Sept 2022<\/a><\/p>\n","protected":false},"excerpt":{"rendered":"<p>La rencontre annuelle du M\u00e9gaprojet INRA 2020-24 Arboriculture \u2013 Viticulture tenue ce jeudi 29 septembre 2022, en mode hybride (pr\u00e9sentiel et visioconf\u00e9rence), a \u00e9t\u00e9 pr\u00e9sid\u00e9e par Dr Faouzi Bekkaoui, Directeur de l\u2019INRA. Cette grand-messe des \u00e9quipes de recherche des diff\u00e9rents &hellip; <a href=\"https:\/\/inrameknes.info\/?p=4112\">Continuer la lecture <span class=\"meta-nav\">&rarr;<\/span><\/a><\/p>\n","protected":false},"author":1,"featured_media":0,"comment_status":"closed","ping_status":"closed","sticky":false,"template":"","format":"standard","meta":{"footnotes":""},"categories":[788,82],"tags":[792,791,790],"class_list":["post-4112","post","type-post","status-publish","format-standard","hentry","category-reunion","category-seminaires","tag-arboriculture-viticulture","tag-megaprojet","tag-reunion-annuelle"],"_links":{"self":[{"href":"https:\/\/inrameknes.info\/index.php?rest_route=\/wp\/v2\/posts\/4112","targetHints":{"allow":["GET"]}}],"collection":[{"href":"https:\/\/inrameknes.info\/index.php?rest_route=\/wp\/v2\/posts"}],"about":[{"href":"https:\/\/inrameknes.info\/index.php?rest_route=\/wp\/v2\/types\/post"}],"author":[{"embeddable":true,"href":"https:\/\/inrameknes.info\/index.php?rest_route=\/wp\/v2\/users\/1"}],"replies":[{"embeddable":true,"href":"https:\/\/inrameknes.info\/index.php?rest_route=%2Fwp%2Fv2%2Fcomments&post=4112"}],"version-history":[{"count":9,"href":"https:\/\/inrameknes.info\/index.php?rest_route=\/wp\/v2\/posts\/4112\/revisions"}],"predecessor-version":[{"id":4186,"href":"https:\/\/inrameknes.info\/index.php?rest_route=\/wp\/v2\/posts\/4112\/revisions\/4186"}],"wp:attachment":[{"href":"https:\/\/inrameknes.info\/index.php?rest_route=%2Fwp%2Fv2%2Fmedia&parent=4112"}],"wp:term":[{"taxonomy":"category","embeddable":true,"href":"https:\/\/inrameknes.info\/index.php?rest_route=%2Fwp%2Fv2%2Fcategories&post=4112"},{"taxonomy":"post_tag","embeddable":true,"href":"https:\/\/inrameknes.info\/index.php?rest_route=%2Fwp%2Fv2%2Ftags&post=4112"}],"curies":[{"name":"wp","href":"https:\/\/api.w.org\/{rel}","templated":true}]}}