{"id":4096,"date":"2022-09-21T11:53:03","date_gmt":"2022-09-21T10:53:03","guid":{"rendered":"http:\/\/inrameknes.info\/?p=4096"},"modified":"2022-09-21T11:55:39","modified_gmt":"2022-09-21T10:55:39","slug":"participation-de-linra-aux-jours-de-figues-vezenobres-france-17-et-18-septembre-2022","status":"publish","type":"post","link":"https:\/\/inrameknes.info\/?p=4096","title":{"rendered":"Participation de l\u2019INRA aux JOURS DE FIGUES \u2013 V\u00c9Z\u00c9NOBRES (France, 17 et 18 septembre 2022)"},"content":{"rendered":"<p><a href=\"http:\/\/inrameknes.info\/wp-content\/uploads\/2022\/09\/Jours-de-Figues.jpg\"><img loading=\"lazy\" decoding=\"async\" class=\"alignleft size-medium wp-image-4097\" src=\"http:\/\/inrameknes.info\/wp-content\/uploads\/2022\/09\/Jours-de-Figues-212x300.jpg\" alt=\"Jours-de-Figues\" width=\"212\" height=\"300\" srcset=\"https:\/\/inrameknes.info\/wp-content\/uploads\/2022\/09\/Jours-de-Figues-212x300.jpg 212w, https:\/\/inrameknes.info\/wp-content\/uploads\/2022\/09\/Jours-de-Figues.jpg 637w\" sizes=\"auto, (max-width: 212px) 100vw, 212px\" \/><\/a>Dr Jamal Charafi (INRA CRRA Mekn\u00e8s) et Dr Younes Noutfia (DS \u2013 INRA Rabat) ainsi que Mr lsmail Lachgar (<a href=\"https:\/\/www.ada.gov.ma\/\" target=\"_blank\">ADA<\/a>) ont constitu\u00e9 la d\u00e9l\u00e9gation marocaine ayant particip\u00e9 aux<a href=\"https:\/\/www.maisondelafigue.com\/agenda\/jours-de-figues\/\" target=\"_blank\"> Jours de Figues \u2013 V\u00e9z\u00e9nobres<\/a> organis\u00e9es \u00e0 l\u2019initiative de l\u2019Association \u00ab Le Site Remarquable du Go\u00fbt des figues de V\u00e9z\u00e9nobres \u00bb et La Mairie de V\u00e9z\u00e9nobres, les 17 et 18 septembre 2022.<\/p>\n<p>Le Maroc a \u00e9t\u00e9 l\u2019invit\u00e9 d\u2019honneur de cette 25\u1d49 \u00e9dition de Jours de figues qui est une manifestation promotionnelle, touristique et culturelle d\u00e9di\u00e9e \u00e0 la figue, tourn\u00e9e vers la biodiversit\u00e9 et le d\u00e9veloppement durable. Pendant deux jours, conf\u00e9rences, expositions, concerts et animations de rue ont anim\u00e9 la cit\u00e9 m\u00e9di\u00e9vale de V\u00e9z\u00e9nobres dans le Gard (France).<!--more--> <a href=\"http:\/\/inrameknes.info\/wp-content\/uploads\/2022\/09\/Maroc-invit\u00e9-dhonneur.jpg\"><img loading=\"lazy\" decoding=\"async\" class=\"alignleft size-medium wp-image-4098\" src=\"http:\/\/inrameknes.info\/wp-content\/uploads\/2022\/09\/Maroc-invit\u00e9-dhonneur-300x291.jpg\" alt=\"Maroc invit\u00e9 d'honneur\" width=\"300\" height=\"291\" srcset=\"https:\/\/inrameknes.info\/wp-content\/uploads\/2022\/09\/Maroc-invit\u00e9-dhonneur-300x291.jpg 300w, https:\/\/inrameknes.info\/wp-content\/uploads\/2022\/09\/Maroc-invit\u00e9-dhonneur.jpg 629w\" sizes=\"auto, (max-width: 300px) 100vw, 300px\" \/><\/a><\/p>\n<p>L\u2019inauguration officielle de cette manifestation a \u00e9t\u00e9 effectu\u00e9e en pr\u00e9sence de Mme Nouzha SAHEL, La Consule G\u00e9n\u00e9rale du Maroc \u00e0 Montpellier. Les communications donn\u00e9es par les membres de la d\u00e9l\u00e9gation marocaine ont port\u00e9 sur\u00a0:<\/p>\n<ul>\n<li>Le figuier au Maroc, un patrimoine g\u00e9n\u00e9tique diversifi\u00e9 et les d\u00e9fis de la valorisation\u00a0: Acquis de la recherche scientifique (Dr J. Charafi, Chercheur INRA CRRA Mekn\u00e8s).<\/li>\n<li>Conception d\u2019un s\u00e9choir solaire adapt\u00e9 aux figues pour une utilisation \u00e0 l&rsquo;\u00e9chelle villageoise (Dr Noutfia, Chef du d\u00e9partement Agroalimentaire DS-INRA Rabat).<\/li>\n<li>Le d\u00e9veloppement des produits du terroir : l\u2019exp\u00e9rience Marocaine (I. Lachgar, <a href=\"https:\/\/www.ada.gov.ma\/\" target=\"_blank\">ADA <\/a>Rabat).<\/li>\n<\/ul>\n<p>La coop\u00e9rative \u00ab\u00a0<a href=\"https:\/\/www.terroirdumaroc.gov.ma\/marketplace\/seller\/profile\/shop\/cooperative-jnane-rif\" target=\"_blank\">Jnane Rif\u00a0<\/a>\u00bb s\u2019est occup\u00e9e pour sa part de l\u2019animation d\u2019un stand des produits marocains de figue.<\/p>\n<div id=\"attachment_4099\" style=\"width: 650px\" class=\"wp-caption alignleft\"><a href=\"http:\/\/inrameknes.info\/wp-content\/uploads\/2022\/09\/IMG-20220917-WA0039.jpg\"><img loading=\"lazy\" decoding=\"async\" aria-describedby=\"caption-attachment-4099\" class=\"size-full wp-image-4099\" src=\"http:\/\/inrameknes.info\/wp-content\/uploads\/2022\/09\/IMG-20220917-WA0039.jpg\" alt=\"La d\u00e9l\u00e9gation marocaine avec Mme La consule G\u00e9n\u00e9rale du Maroc \u00e0 Montpellier et des organisateurs des Jours de Figues \u2013 V\u00e9z\u00e9nobres (France) - 17 sept. 2021\" width=\"640\" height=\"483\" \/><\/a><p id=\"caption-attachment-4099\" class=\"wp-caption-text\">La d\u00e9l\u00e9gation marocaine avec Mme La consule G\u00e9n\u00e9rale du Maroc \u00e0 Montpellier et des organisateurs des Jours de Figues \u2013 V\u00e9z\u00e9nobres (France) &#8211; 17 sept. 2021<\/p><\/div>\n","protected":false},"excerpt":{"rendered":"<p>Dr Jamal Charafi (INRA CRRA Mekn\u00e8s) et Dr Younes Noutfia (DS \u2013 INRA Rabat) ainsi que Mr lsmail Lachgar (ADA) ont constitu\u00e9 la d\u00e9l\u00e9gation marocaine ayant particip\u00e9 aux Jours de Figues \u2013 V\u00e9z\u00e9nobres organis\u00e9es \u00e0 l\u2019initiative de l\u2019Association \u00ab Le &hellip; <a href=\"https:\/\/inrameknes.info\/?p=4096\">Continuer la lecture <span class=\"meta-nav\">&rarr;<\/span><\/a><\/p>\n","protected":false},"author":1,"featured_media":0,"comment_status":"closed","ping_status":"closed","sticky":false,"template":"","format":"standard","meta":{"footnotes":""},"categories":[623],"tags":[844,542,84],"class_list":["post-4096","post","type-post","status-publish","format-standard","hentry","category-festival-expostion","tag-festival","tag-figues","tag-jamal-charafi"],"_links":{"self":[{"href":"https:\/\/inrameknes.info\/index.php?rest_route=\/wp\/v2\/posts\/4096","targetHints":{"allow":["GET"]}}],"collection":[{"href":"https:\/\/inrameknes.info\/index.php?rest_route=\/wp\/v2\/posts"}],"about":[{"href":"https:\/\/inrameknes.info\/index.php?rest_route=\/wp\/v2\/types\/post"}],"author":[{"embeddable":true,"href":"https:\/\/inrameknes.info\/index.php?rest_route=\/wp\/v2\/users\/1"}],"replies":[{"embeddable":true,"href":"https:\/\/inrameknes.info\/index.php?rest_route=%2Fwp%2Fv2%2Fcomments&post=4096"}],"version-history":[{"count":3,"href":"https:\/\/inrameknes.info\/index.php?rest_route=\/wp\/v2\/posts\/4096\/revisions"}],"predecessor-version":[{"id":4102,"href":"https:\/\/inrameknes.info\/index.php?rest_route=\/wp\/v2\/posts\/4096\/revisions\/4102"}],"wp:attachment":[{"href":"https:\/\/inrameknes.info\/index.php?rest_route=%2Fwp%2Fv2%2Fmedia&parent=4096"}],"wp:term":[{"taxonomy":"category","embeddable":true,"href":"https:\/\/inrameknes.info\/index.php?rest_route=%2Fwp%2Fv2%2Fcategories&post=4096"},{"taxonomy":"post_tag","embeddable":true,"href":"https:\/\/inrameknes.info\/index.php?rest_route=%2Fwp%2Fv2%2Ftags&post=4096"}],"curies":[{"name":"wp","href":"https:\/\/api.w.org\/{rel}","templated":true}]}}