{"id":4043,"date":"2022-06-30T14:38:16","date_gmt":"2022-06-30T13:38:16","guid":{"rendered":"http:\/\/inrameknes.info\/?p=4043"},"modified":"2022-07-05T08:53:59","modified_gmt":"2022-07-05T07:53:59","slug":"visite-dune-delegation-parlementaire-aux-laboratoire-inra-meknes","status":"publish","type":"post","link":"https:\/\/inrameknes.info\/?p=4043","title":{"rendered":"Visite d\u2019une d\u00e9l\u00e9gation parlementaire aux laboratoires INRA Mekn\u00e8s"},"content":{"rendered":"<p><a href=\"http:\/\/inrameknes.info\/wp-content\/uploads\/2022\/07\/IMG_1165.jpg\"><img loading=\"lazy\" decoding=\"async\" class=\"alignright size-large wp-image-4044\" src=\"http:\/\/inrameknes.info\/wp-content\/uploads\/2022\/07\/IMG_1165-1024x394.jpg\" alt=\"IMG_1165\" width=\"640\" height=\"246\" srcset=\"https:\/\/inrameknes.info\/wp-content\/uploads\/2022\/07\/IMG_1165-1024x394.jpg 1024w, https:\/\/inrameknes.info\/wp-content\/uploads\/2022\/07\/IMG_1165-300x115.jpg 300w\" sizes=\"auto, (max-width: 640px) 100vw, 640px\" \/><\/a>Dans le cadre d\u2019une visite coordonn\u00e9e par le DRA F\u00e8s-Mekn\u00e8s, une d\u00e9l\u00e9gation parlementaire de la Chambre des Conseillers a rendu visite, ce jeudi 30\/06\/2022, aux laboratoires INRA au sein du Qualipole alimentation de Mekn\u00e8s.<\/p>\n<p>Ladite d\u00e9l\u00e9gation accueillie par Dr Abderrahim Benta\u00efbi, Chef du CRRA Mekn\u00e8s, a ainsi visit\u00e9 les laboratoires de Qualit\u00e9, d\u2019Analyse Sol-Eau-Plante et de Protection des plantes.<\/p>\n<p>Des chercheurSEs du CRRA Mekn\u00e8s ont pr\u00e9sent\u00e9 les projets de recherche et de recherche-d\u00e9veloppement conduits dans ces laboratoires ainsi que la contribution \u00e0 la mission du Qualipole en mati\u00e8re de promotion des activit\u00e9s agro-industrielles de la r\u00e9gion F\u00e8s-Mekn\u00e8s.<\/p>\n","protected":false},"excerpt":{"rendered":"<p>Dans le cadre d\u2019une visite coordonn\u00e9e par le DRA F\u00e8s-Mekn\u00e8s, une d\u00e9l\u00e9gation parlementaire de la Chambre des Conseillers a rendu visite, ce jeudi 30\/06\/2022, aux laboratoires INRA au sein du Qualipole alimentation de Mekn\u00e8s. Ladite d\u00e9l\u00e9gation accueillie par Dr Abderrahim &hellip; <a href=\"https:\/\/inrameknes.info\/?p=4043\">Continuer la lecture <span class=\"meta-nav\">&rarr;<\/span><\/a><\/p>\n","protected":false},"author":1,"featured_media":0,"comment_status":"closed","ping_status":"closed","sticky":false,"template":"","format":"standard","meta":{"footnotes":""},"categories":[116],"tags":[778,777,779,780,839],"class_list":["post-4043","post","type-post","status-publish","format-standard","hentry","category-visite","tag-chambre-des-conseillers","tag-delegation-parlementaire","tag-parlement","tag-qualipole-alimentation","tag-visite"],"_links":{"self":[{"href":"https:\/\/inrameknes.info\/index.php?rest_route=\/wp\/v2\/posts\/4043","targetHints":{"allow":["GET"]}}],"collection":[{"href":"https:\/\/inrameknes.info\/index.php?rest_route=\/wp\/v2\/posts"}],"about":[{"href":"https:\/\/inrameknes.info\/index.php?rest_route=\/wp\/v2\/types\/post"}],"author":[{"embeddable":true,"href":"https:\/\/inrameknes.info\/index.php?rest_route=\/wp\/v2\/users\/1"}],"replies":[{"embeddable":true,"href":"https:\/\/inrameknes.info\/index.php?rest_route=%2Fwp%2Fv2%2Fcomments&post=4043"}],"version-history":[{"count":2,"href":"https:\/\/inrameknes.info\/index.php?rest_route=\/wp\/v2\/posts\/4043\/revisions"}],"predecessor-version":[{"id":4049,"href":"https:\/\/inrameknes.info\/index.php?rest_route=\/wp\/v2\/posts\/4043\/revisions\/4049"}],"wp:attachment":[{"href":"https:\/\/inrameknes.info\/index.php?rest_route=%2Fwp%2Fv2%2Fmedia&parent=4043"}],"wp:term":[{"taxonomy":"category","embeddable":true,"href":"https:\/\/inrameknes.info\/index.php?rest_route=%2Fwp%2Fv2%2Fcategories&post=4043"},{"taxonomy":"post_tag","embeddable":true,"href":"https:\/\/inrameknes.info\/index.php?rest_route=%2Fwp%2Fv2%2Ftags&post=4043"}],"curies":[{"name":"wp","href":"https:\/\/api.w.org\/{rel}","templated":true}]}}