{"id":3993,"date":"2022-05-25T12:26:34","date_gmt":"2022-05-25T11:26:34","guid":{"rendered":"http:\/\/inrameknes.info\/?p=3993"},"modified":"2022-05-25T12:46:36","modified_gmt":"2022-05-25T11:46:36","slug":"les-hautes-performances-des-varietes-inra-de-cereales-demontrees-aux-professionnels","status":"publish","type":"post","link":"https:\/\/inrameknes.info\/?p=3993","title":{"rendered":"Les hautes performances des vari\u00e9t\u00e9s INRA de c\u00e9r\u00e9ales d\u00e9montr\u00e9es aux professionnels"},"content":{"rendered":"<p><a href=\"http:\/\/inrameknes.info\/wp-content\/uploads\/2022\/05\/Journ\u00e9e-de-d\u00e9monstration-Annoceur-24-mai-2022.jpg\"><img loading=\"lazy\" decoding=\"async\" class=\"alignleft size-large wp-image-3994\" src=\"http:\/\/inrameknes.info\/wp-content\/uploads\/2022\/05\/Journ\u00e9e-de-d\u00e9monstration-Annoceur-24-mai-2022-1024x442.jpg\" alt=\"Journ\u00e9e de d\u00e9monstration Annoceur - 24 mai 2022\" width=\"640\" height=\"276\" srcset=\"https:\/\/inrameknes.info\/wp-content\/uploads\/2022\/05\/Journ\u00e9e-de-d\u00e9monstration-Annoceur-24-mai-2022-1024x442.jpg 1024w, https:\/\/inrameknes.info\/wp-content\/uploads\/2022\/05\/Journ\u00e9e-de-d\u00e9monstration-Annoceur-24-mai-2022-300x129.jpg 300w\" sizes=\"auto, (max-width: 640px) 100vw, 640px\" \/><\/a>Plusieurs dizaines de professionnels du secteur agricole ont pu directement t\u00e9moigner des\u00a0hautes performances des vari\u00e9t\u00e9s INRA de c\u00e9r\u00e9ales \u00e0 l&rsquo;occasion de la\u00a0journ\u00e9e de d\u00e9monstration des\u00a0nouvelles obtentions v\u00e9g\u00e9tales de l&rsquo;INRA organis\u00e9e ce mardi 24 mai 2022 au Domaine Exp\u00e9rimental Annoceur (Province de Sefrou).<\/p>\n<p>Lors de son mot d&rsquo;ouverture, Dr Faouzi Bekkaoui, Directeur de l&rsquo;INRA, a soulign\u00e9 que cette journ\u00e9e intervient dans le cadre de la contribution de la recherche agronomique\u00a0\u00e0 la r\u00e9alisation des\u00a0objectifs de la strat\u00e9gie agricole G\u00e9n\u00e9ration Green (2020-2030) \u00e0 travers le d\u00e9ploiement des acquis de l\u2019am\u00e9lioration g\u00e9n\u00e9tique des esp\u00e8ces v\u00e9g\u00e9tales ; axe strat\u00e9gique de la politique de recherche de l&rsquo;INRA. Il a aussi exhort\u00e9 les participantes et participants \u00e0 contribuer, chacun de son c\u00f4t\u00e9, \u00e0 la promotion de ces technologies agricoles novatrices en vue de leur appropriation par les agriculteurs et les soci\u00e9t\u00e9s semenci\u00e8res. Dr Bekkaoui a pr\u00e9sent\u00e9 en cette occasion le guide des <a href=\"https:\/\/www.inra.org.ma\/sites\/default\/files\/publications\/Document%20technique%20et%20scientique\/nouvelles-obtentions2022.pdf\" target=\"_blank\">NOUVELLES OBTENTIONS<\/a><br \/>\n<a href=\"https:\/\/www.inra.org.ma\/sites\/default\/files\/publications\/Document%20technique%20et%20scientique\/nouvelles-obtentions2022.pdf\" target=\"_blank\"> VARI\u00c9TALES INRA<\/a> r\u00e9alis\u00e9 en accompagnement des activit\u00e9s promotionnelles entreprises par l&rsquo;Institut, pour la deuxi\u00e8me ann\u00e9e cons\u00e9cutive, dans les principaux bassins de production.<\/p>\n<p><a href=\"http:\/\/inrameknes.info\/wp-content\/uploads\/2022\/05\/Essais1.jpg\"><img loading=\"lazy\" decoding=\"async\" class=\"alignleft size-large wp-image-3995\" src=\"http:\/\/inrameknes.info\/wp-content\/uploads\/2022\/05\/Essais1-1024x488.jpg\" alt=\"Essais\" width=\"640\" height=\"305\" srcset=\"https:\/\/inrameknes.info\/wp-content\/uploads\/2022\/05\/Essais1-1024x488.jpg 1024w, https:\/\/inrameknes.info\/wp-content\/uploads\/2022\/05\/Essais1-300x143.jpg 300w\" sizes=\"auto, (max-width: 640px) 100vw, 640px\" \/><\/a><\/p>\n<p><!--more-->Des agriculteurs, des repr\u00e9sentants de soci\u00e9t\u00e9s semenci\u00e8res, des agents de d\u00e9veloppement et de conseil agricoles en plus de membres de la communaut\u00e9 scientifique du secteur agricole ont ainsi eu droit \u00e0 une visite guid\u00e9e par les chercheurs INRA des plateformes de d\u00e9monstration du bl\u00e9 tendre, du bl\u00e9 dur, de l&rsquo;orge et de l&rsquo;avoine. Les discussions qui ont eu lieu en cette marge ont mis en exergue le grand apport des vari\u00e9t\u00e9s INRA pour le d\u00e9veloppement du secteur c\u00e9r\u00e9alier national et ont \u00e9mis le souhait de voir ces obtentions multipli\u00e9es et mises \u00e0 la disposition des producteurs.<\/p>\n<p>La journ\u00e9e de d\u00e9monstration a eu de larges \u00e9chos dans la presse \u00e9lectronique sp\u00e9cialis\u00e9e, les radios r\u00e9gionales Mekn\u00e8s et F\u00e8s (SNRT) avec une couverture de la cha\u00eene TV Al Aoula.<\/p>\n<div id=\"attachment_3997\" style=\"width: 650px\" class=\"wp-caption alignleft\"><a href=\"http:\/\/inrameknes.info\/wp-content\/uploads\/2022\/05\/Dr-Moha-Ferrahi.jpg\"><img loading=\"lazy\" decoding=\"async\" aria-describedby=\"caption-attachment-3997\" class=\"size-large wp-image-3997\" src=\"http:\/\/inrameknes.info\/wp-content\/uploads\/2022\/05\/Dr-Moha-Ferrahi-1024x379.jpg\" alt=\"Dr Moha Ferrahi (plateforme Bl\u00e9 tendre et bl\u00e9 dur)\" width=\"640\" height=\"236\" srcset=\"https:\/\/inrameknes.info\/wp-content\/uploads\/2022\/05\/Dr-Moha-Ferrahi-1024x379.jpg 1024w, https:\/\/inrameknes.info\/wp-content\/uploads\/2022\/05\/Dr-Moha-Ferrahi-300x111.jpg 300w\" sizes=\"auto, (max-width: 640px) 100vw, 640px\" \/><\/a><p id=\"caption-attachment-3997\" class=\"wp-caption-text\">Dr Moha Ferrahi (plateforme Bl\u00e9 tendre et bl\u00e9 dur)<\/p><\/div>\n<div id=\"attachment_3998\" style=\"width: 650px\" class=\"wp-caption alignleft\"><a href=\"http:\/\/inrameknes.info\/wp-content\/uploads\/2022\/05\/Dr-Abderrazak-Jilal.jpg\"><img loading=\"lazy\" decoding=\"async\" aria-describedby=\"caption-attachment-3998\" class=\"size-large wp-image-3998\" src=\"http:\/\/inrameknes.info\/wp-content\/uploads\/2022\/05\/Dr-Abderrazak-Jilal-1024x449.jpg\" alt=\"Dr Abderrazek Jilal (Plateforme Orge)\" width=\"640\" height=\"280\" srcset=\"https:\/\/inrameknes.info\/wp-content\/uploads\/2022\/05\/Dr-Abderrazak-Jilal-1024x449.jpg 1024w, https:\/\/inrameknes.info\/wp-content\/uploads\/2022\/05\/Dr-Abderrazak-Jilal-300x131.jpg 300w\" sizes=\"auto, (max-width: 640px) 100vw, 640px\" \/><\/a><p id=\"caption-attachment-3998\" class=\"wp-caption-text\">Dr Abderrazek Jilal (Plateforme Orge)<\/p><\/div>\n<div id=\"attachment_3999\" style=\"width: 650px\" class=\"wp-caption alignleft\"><a href=\"http:\/\/inrameknes.info\/wp-content\/uploads\/2022\/05\/Dr-Nezha-Saidi.jpg\"><img loading=\"lazy\" decoding=\"async\" aria-describedby=\"caption-attachment-3999\" class=\"size-large wp-image-3999\" src=\"http:\/\/inrameknes.info\/wp-content\/uploads\/2022\/05\/Dr-Nezha-Saidi-1024x412.jpg\" alt=\"Dr Nezha Sa\u00efdi (Plateforme Avoine)\" width=\"640\" height=\"257\" srcset=\"https:\/\/inrameknes.info\/wp-content\/uploads\/2022\/05\/Dr-Nezha-Saidi-1024x412.jpg 1024w, https:\/\/inrameknes.info\/wp-content\/uploads\/2022\/05\/Dr-Nezha-Saidi-300x120.jpg 300w\" sizes=\"auto, (max-width: 640px) 100vw, 640px\" \/><\/a><p id=\"caption-attachment-3999\" class=\"wp-caption-text\">Dr Nezha Sa\u00efdi (Plateforme Avoine)<\/p><\/div>\n","protected":false},"excerpt":{"rendered":"<p>Plusieurs dizaines de professionnels du secteur agricole ont pu directement t\u00e9moigner des\u00a0hautes performances des vari\u00e9t\u00e9s INRA de c\u00e9r\u00e9ales \u00e0 l&rsquo;occasion de la\u00a0journ\u00e9e de d\u00e9monstration des\u00a0nouvelles obtentions v\u00e9g\u00e9tales de l&rsquo;INRA organis\u00e9e ce mardi 24 mai 2022 au Domaine Exp\u00e9rimental Annoceur (Province &hellip; <a href=\"https:\/\/inrameknes.info\/?p=3993\">Continuer la lecture <span class=\"meta-nav\">&rarr;<\/span><\/a><\/p>\n","protected":false},"author":1,"featured_media":0,"comment_status":"closed","ping_status":"closed","sticky":false,"template":"","format":"standard","meta":{"footnotes":""},"categories":[666,713],"tags":[775,215,52,53,534,851,533,532,774],"class_list":["post-3993","post","type-post","status-publish","format-standard","hentry","category-cereales-2","category-journee-de-demonstration","tag-avoine","tag-ble-dur","tag-ble-tendre","tag-cereales","tag-de-annoceur","tag-journee-de-demonstration","tag-nouvelles-obtentions","tag-nouvelles-varietes","tag-orge"],"_links":{"self":[{"href":"https:\/\/inrameknes.info\/index.php?rest_route=\/wp\/v2\/posts\/3993","targetHints":{"allow":["GET"]}}],"collection":[{"href":"https:\/\/inrameknes.info\/index.php?rest_route=\/wp\/v2\/posts"}],"about":[{"href":"https:\/\/inrameknes.info\/index.php?rest_route=\/wp\/v2\/types\/post"}],"author":[{"embeddable":true,"href":"https:\/\/inrameknes.info\/index.php?rest_route=\/wp\/v2\/users\/1"}],"replies":[{"embeddable":true,"href":"https:\/\/inrameknes.info\/index.php?rest_route=%2Fwp%2Fv2%2Fcomments&post=3993"}],"version-history":[{"count":10,"href":"https:\/\/inrameknes.info\/index.php?rest_route=\/wp\/v2\/posts\/3993\/revisions"}],"predecessor-version":[{"id":4008,"href":"https:\/\/inrameknes.info\/index.php?rest_route=\/wp\/v2\/posts\/3993\/revisions\/4008"}],"wp:attachment":[{"href":"https:\/\/inrameknes.info\/index.php?rest_route=%2Fwp%2Fv2%2Fmedia&parent=3993"}],"wp:term":[{"taxonomy":"category","embeddable":true,"href":"https:\/\/inrameknes.info\/index.php?rest_route=%2Fwp%2Fv2%2Fcategories&post=3993"},{"taxonomy":"post_tag","embeddable":true,"href":"https:\/\/inrameknes.info\/index.php?rest_route=%2Fwp%2Fv2%2Ftags&post=3993"}],"curies":[{"name":"wp","href":"https:\/\/api.w.org\/{rel}","templated":true}]}}