{"id":3748,"date":"2021-11-11T12:41:39","date_gmt":"2021-11-11T11:41:39","guid":{"rendered":"http:\/\/inrameknes.info\/?p=3748"},"modified":"2021-11-22T16:57:11","modified_gmt":"2021-11-22T15:57:11","slug":"seminaire-scientifique-le-grenadier-une-culture-alternative-prometteuse-pour-faire-face-au-changement-climatique","status":"publish","type":"post","link":"https:\/\/inrameknes.info\/?p=3748","title":{"rendered":"S\u00e9minaire scientifique : Le Grenadier, une culture alternative prometteuse pour faire face au changement climatique"},"content":{"rendered":"<p><a href=\"http:\/\/inrameknes.info\/wp-content\/uploads\/2021\/11\/Affiche-Grenadier.jpg\"><img loading=\"lazy\" decoding=\"async\" class=\"alignleft wp-image-3749 size-medium\" src=\"http:\/\/inrameknes.info\/wp-content\/uploads\/2021\/11\/Affiche-Grenadier-216x300.jpg\" alt=\"Affiche Grenadier\" width=\"216\" height=\"300\" srcset=\"https:\/\/inrameknes.info\/wp-content\/uploads\/2021\/11\/Affiche-Grenadier-216x300.jpg 216w, https:\/\/inrameknes.info\/wp-content\/uploads\/2021\/11\/Affiche-Grenadier-738x1024.jpg 738w, https:\/\/inrameknes.info\/wp-content\/uploads\/2021\/11\/Affiche-Grenadier.jpg 1686w\" sizes=\"auto, (max-width: 216px) 100vw, 216px\" \/><\/a>L\u2019Institut National de la Recherche Agronomique (Centre R\u00e9gional de Mekn\u00e8s) organise un s\u00e9minaire scientifique sous le th\u00e8me\u00a0: \u00ab <strong>Le Grenadier, une culture alternative prometteuse pour faire face au changement climatique<\/strong> \u00bb, le jeudi 25 Novembre 2021 au Qualipole Alimentation de Mekn\u00e8s.<\/p>\n<p>Cette manifestation a pour objet de communiquer sur les plus r\u00e9cents r\u00e9sultats de recherche sur le grenadier r\u00e9cemment obtenus dans le cadre des programmes de recherche de l\u2019INRA soutenus par le M\u00e9canisme Comp\u00e9titif de Recherche D\u00e9veloppement et Vulgarisation (MCRDV 2018-2021) du Minist\u00e8re de de l&rsquo;Agriculture, de la P\u00eache Maritime, du D\u00e9veloppement Rural et des Eaux et For\u00eats.<\/p>\n<p style=\"text-align: center;\"><a href=\"https:\/\/teams.microsoft.com\/l\/meetup-join\/19%3ameeting_NGFjNjM1YmItYjI3Zi00MTc4LWIyYjItYjc4ZTBlNGJiMGE0%40thread.v2\/0?context=%7b%22Tid%22%3a%22903b82fe-c0ce-4d7c-9b42-10933a9142eb%22%2c%22Oid%22%3a%2247231c1f-31b4-4f9c-ac8b-85730c87c16f%22%7d\" target=\"_blank\"><strong>Cliquez ici pour suivre les communications en ligne<\/strong><\/a><\/p>\n<p>Les r\u00e9sultats de recherche obtenus sont d\u2019un grand int\u00e9r\u00eat pour cette fili\u00e8re et concernent principalement les potentialit\u00e9s g\u00e9n\u00e9tiques du mat\u00e9riel v\u00e9g\u00e9tal, les opportunit\u00e9s offertes par la diversit\u00e9 de la qualit\u00e9 du fruit et des voies pour sa valorisation. Ces r\u00e9sultats couvrent \u00e9galement les aspects agronomiques et de protection phytosanitaire et les pouvoirs adaptatifs de l\u2019esp\u00e8ce au changement climatique.<!--more--><\/p>\n<p>Le pr\u00e9sent s\u00e9minaire offre ainsi une nouvelle opportunit\u00e9 pour d\u00e9battre du devenir d\u2019une culture en vogue et constituera un espace de rencontre entre chercheurs, enseignants-chercheurs, professionnels, experts et cadres de d\u00e9veloppement et de conseil agricole pour un meilleur partage des exp\u00e9riences et pour discuter des orientations pour des recherches futures pour de d\u00e9veloppement de la culture du grenadier dans le cadre de la strat\u00e9gie agricole \u00ab\u00a0Generation Green 2020 \u2013 2021\u00a0\u00bb.<\/p>\n<p>Il est \u00e0 noter que la culture du grenadier est une culture alternative aux esp\u00e8ces tr\u00e8s affect\u00e9es par le r\u00e9chauffement climatique dont le pommier, le poirier et le cerisier. C\u2019est une esp\u00e8ce \u00e0 large spectre d\u2019adaptation environnemental, tol\u00e9rante \u00e0 la s\u00e9cheresse et cultiv\u00e9e sous des climats subarides et continentaux. Le grenadier s\u2019adapte aussi facilement \u00e0 la salinit\u00e9 et au calcaire et il est capable de valoriser les sols pauvres. Sur le plan environnemental, le grenadier joue un r\u00f4le tr\u00e8s important dans la protection, la restauration et la fixation des sols. La production du grenadier promeut le d\u00e9veloppement des industries de transformation du jus et les compagnies pharmaceutiques dans l\u2019extraction de compos\u00e9s b\u00e9n\u00e9fiques. Le fruit du grenadier se distingue aussi par sa grande valeur nutritionnelle comparable aux fruits juteux comme les abricots, les oranges et les pommes.<\/p>\n<p><a href=\"http:\/\/inrameknes.info\/wp-content\/uploads\/2021\/11\/Programme-s\u00e9minaire-grenadier-2021.pdf\">Programme-S\u00e9minaire Grenadier 2021<\/a><\/p>\n<p><a href=\"https:\/\/teams.microsoft.com\/l\/meetup-join\/19%3ameeting_NGFjNjM1YmItYjI3Zi00MTc4LWIyYjItYjc4ZTBlNGJiMGE0%40thread.v2\/0?context=%7b%22Tid%22%3a%22903b82fe-c0ce-4d7c-9b42-10933a9142eb%22%2c%22Oid%22%3a%2247231c1f-31b4-4f9c-ac8b-85730c87c16f%22%7d\" target=\"_blank\"><strong>Cliquez ici pour suivre les communication en ligne<\/strong><\/a><\/p>\n","protected":false},"excerpt":{"rendered":"<p>L\u2019Institut National de la Recherche Agronomique (Centre R\u00e9gional de Mekn\u00e8s) organise un s\u00e9minaire scientifique sous le th\u00e8me\u00a0: \u00ab Le Grenadier, une culture alternative prometteuse pour faire face au changement climatique \u00bb, le jeudi 25 Novembre 2021 au Qualipole Alimentation de &hellip; <a href=\"https:\/\/inrameknes.info\/?p=3748\">Continuer la lecture <span class=\"meta-nav\">&rarr;<\/span><\/a><\/p>\n","protected":false},"author":1,"featured_media":0,"comment_status":"closed","ping_status":"closed","sticky":false,"template":"","format":"standard","meta":{"footnotes":""},"categories":[82],"tags":[456,429],"class_list":["post-3748","post","type-post","status-publish","format-standard","hentry","category-seminaires","tag-grenadier","tag-seminaire"],"_links":{"self":[{"href":"https:\/\/inrameknes.info\/index.php?rest_route=\/wp\/v2\/posts\/3748","targetHints":{"allow":["GET"]}}],"collection":[{"href":"https:\/\/inrameknes.info\/index.php?rest_route=\/wp\/v2\/posts"}],"about":[{"href":"https:\/\/inrameknes.info\/index.php?rest_route=\/wp\/v2\/types\/post"}],"author":[{"embeddable":true,"href":"https:\/\/inrameknes.info\/index.php?rest_route=\/wp\/v2\/users\/1"}],"replies":[{"embeddable":true,"href":"https:\/\/inrameknes.info\/index.php?rest_route=%2Fwp%2Fv2%2Fcomments&post=3748"}],"version-history":[{"count":7,"href":"https:\/\/inrameknes.info\/index.php?rest_route=\/wp\/v2\/posts\/3748\/revisions"}],"predecessor-version":[{"id":3762,"href":"https:\/\/inrameknes.info\/index.php?rest_route=\/wp\/v2\/posts\/3748\/revisions\/3762"}],"wp:attachment":[{"href":"https:\/\/inrameknes.info\/index.php?rest_route=%2Fwp%2Fv2%2Fmedia&parent=3748"}],"wp:term":[{"taxonomy":"category","embeddable":true,"href":"https:\/\/inrameknes.info\/index.php?rest_route=%2Fwp%2Fv2%2Fcategories&post=3748"},{"taxonomy":"post_tag","embeddable":true,"href":"https:\/\/inrameknes.info\/index.php?rest_route=%2Fwp%2Fv2%2Ftags&post=3748"}],"curies":[{"name":"wp","href":"https:\/\/api.w.org\/{rel}","templated":true}]}}