{"id":3736,"date":"2021-11-11T12:12:52","date_gmt":"2021-11-11T11:12:52","guid":{"rendered":"http:\/\/inrameknes.info\/?p=3736"},"modified":"2021-11-11T12:48:46","modified_gmt":"2021-11-11T11:48:46","slug":"le-crra-meknes-contribue-au-seminaire-le-pistachier-une-culture-de-niche-pour-la-diversification-fruitiere-meknes-10-novembre-2021","status":"publish","type":"post","link":"https:\/\/inrameknes.info\/?p=3736","title":{"rendered":"Le CRRA Mekn\u00e8s contribue au s\u00e9minaire : Le Pistachier une culture de niche pour la diversification fruiti\u00e8re (Mekn\u00e8s, 10 novembre 2021)"},"content":{"rendered":"<p><a href=\"http:\/\/inrameknes.info\/wp-content\/uploads\/2021\/11\/flyer.jpg\"><img loading=\"lazy\" decoding=\"async\" class=\"alignleft wp-image-3739 size-medium\" src=\"http:\/\/inrameknes.info\/wp-content\/uploads\/2021\/11\/flyer-300x211.jpg\" alt=\"flyer\" width=\"300\" height=\"211\" srcset=\"https:\/\/inrameknes.info\/wp-content\/uploads\/2021\/11\/flyer-300x211.jpg 300w, https:\/\/inrameknes.info\/wp-content\/uploads\/2021\/11\/flyer-1024x721.jpg 1024w, https:\/\/inrameknes.info\/wp-content\/uploads\/2021\/11\/flyer.jpg 1241w\" sizes=\"auto, (max-width: 300px) 100vw, 300px\" \/><\/a>Le s\u00e9minaire \u00ab\u00a0Le Pistachier, une culture de niche pour la diversification fruiti\u00e8re\u00a0\u00bb s&rsquo;est tenu ce mercredi 10 novembre 2021 au si\u00e8ge du Qualipole Alimentation de Mekn\u00e8s \u00e0 l\u2019initiative de l\u2019<a href=\"https:\/\/agrinova.ma\/\" target=\"_blank\">Association Agripole Innovation Mekn\u00e8s (AGRINOVA)<\/a>, la FEDAM (F\u00e9d\u00e9ration Interprofetionnelle de la Fili\u00e8re de l&rsquo;Arboriculture Fruiti\u00e8re au <em>Maroc<\/em>), l\u2019INRA (CRRA Mekn\u00e8s) et la Direction R\u00e9gionale de l\u2019Agriculture F\u00e8s-Mekn\u00e8s.<!--more--><\/p>\n<div id=\"attachment_3734\" style=\"width: 650px\" class=\"wp-caption alignright\"><a href=\"http:\/\/inrameknes.info\/wp-content\/uploads\/2021\/11\/1Panel-de-pr\u00e9sidence-de-la-journ\u00e9e-Pistachier-Mekn\u00e8s-10-Novembre-2021.jpg\"><img loading=\"lazy\" decoding=\"async\" aria-describedby=\"caption-attachment-3734\" class=\"wp-image-3734 size-large\" src=\"http:\/\/inrameknes.info\/wp-content\/uploads\/2021\/11\/1Panel-de-pr\u00e9sidence-de-la-journ\u00e9e-Pistachier-Mekn\u00e8s-10-Novembre-2021-1024x682.jpg\" alt=\"Panel de pr\u00e9sidence de la journ\u00e9e Pistachier - Mekn\u00e8s 10 Novembre 2021\" width=\"640\" height=\"426\" srcset=\"https:\/\/inrameknes.info\/wp-content\/uploads\/2021\/11\/1Panel-de-pr\u00e9sidence-de-la-journ\u00e9e-Pistachier-Mekn\u00e8s-10-Novembre-2021-1024x682.jpg 1024w, https:\/\/inrameknes.info\/wp-content\/uploads\/2021\/11\/1Panel-de-pr\u00e9sidence-de-la-journ\u00e9e-Pistachier-Mekn\u00e8s-10-Novembre-2021-300x200.jpg 300w\" sizes=\"auto, (max-width: 640px) 100vw, 640px\" \/><\/a><p id=\"caption-attachment-3734\" class=\"wp-caption-text\">Panel de pr\u00e9sidence de la journ\u00e9e Pistachier &#8211; A partir de la Gauche : M. Lamghari (DRA FM), A. Oukabli (Fedam et Ex-chercheur INRA), Z. Carriazo (Soc. Pistachios), A. Benta\u00efbi (INRA Mekn\u00e8s et SG Agrinova) et H. Snoussi (Pr\u00e9sident Fedam).<\/p><\/div>\n<p><span style=\"font-family: Bell MT, serif;\"><span style=\"font-size: medium;\">Cette rencontre a eu pour objectif de mobiliser la profession arboricole pour une relance de la culture du pistachier sur des niches territoriales appropri\u00e9es \u00e0 travers le\u00a0<\/span><\/span><span style=\"font-family: Bell MT, serif;\"><span style=\"font-size: medium;\">partage de l\u2019exp\u00e9rience r\u00e9ussie d&rsquo;un op\u00e9rateur espagnole,<\/span><\/span><span style=\"font-family: Bell MT, serif;\"><span style=\"font-size: medium;\"> entreprise pionni\u00e8re qui f\u00e9d\u00e8re <\/span><\/span><span style=\"font-family: Bell MT, serif;\"><span style=\"font-size: medium;\">des centaines<\/span><\/span><span style=\"font-family: Bell MT, serif;\"><span style=\"font-size: medium;\"> d&rsquo;arboricultures pour la production, le conditionnement et la commercialisation des fruits \u00e0 l\u2019\u00e9chelle europ\u00e9en.\u00a0 Elle a \u00e9galement offert l&rsquo;occasion de pr\u00e9senter l\u2019exp\u00e9rience marocaine, notamment celle de l&rsquo;INRA \u00e0 travers les \u00e9tudes et recherches conduites depuis plusieurs ann\u00e9es sur le mat\u00e9riel v\u00e9g\u00e9tal du Domaine Exp\u00e9rimental d&rsquo;A\u00efn Taoujdate.<\/span><\/span><\/p>\n<p><a href=\"http:\/\/inrameknes.info\/wp-content\/uploads\/2021\/11\/Programme-et-pr\u00e9sentation-du-s\u00e9minaire.pdf\">Programme et pr\u00e9sentation du s\u00e9minaire<\/a><\/p>\n","protected":false},"excerpt":{"rendered":"<p>Le s\u00e9minaire \u00ab\u00a0Le Pistachier, une culture de niche pour la diversification fruiti\u00e8re\u00a0\u00bb s&rsquo;est tenu ce mercredi 10 novembre 2021 au si\u00e8ge du Qualipole Alimentation de Mekn\u00e8s \u00e0 l\u2019initiative de l\u2019Association Agripole Innovation Mekn\u00e8s (AGRINOVA), la FEDAM (F\u00e9d\u00e9ration Interprofetionnelle de la &hellip; <a href=\"https:\/\/inrameknes.info\/?p=3736\">Continuer la lecture <span class=\"meta-nav\">&rarr;<\/span><\/a><\/p>\n","protected":false},"author":1,"featured_media":0,"comment_status":"closed","ping_status":"closed","sticky":false,"template":"","format":"standard","meta":{"footnotes":""},"categories":[82],"tags":[343,754,429],"class_list":["post-3736","post","type-post","status-publish","format-standard","hentry","category-seminaires","tag-agrinova","tag-pistachier","tag-seminaire"],"_links":{"self":[{"href":"https:\/\/inrameknes.info\/index.php?rest_route=\/wp\/v2\/posts\/3736","targetHints":{"allow":["GET"]}}],"collection":[{"href":"https:\/\/inrameknes.info\/index.php?rest_route=\/wp\/v2\/posts"}],"about":[{"href":"https:\/\/inrameknes.info\/index.php?rest_route=\/wp\/v2\/types\/post"}],"author":[{"embeddable":true,"href":"https:\/\/inrameknes.info\/index.php?rest_route=\/wp\/v2\/users\/1"}],"replies":[{"embeddable":true,"href":"https:\/\/inrameknes.info\/index.php?rest_route=%2Fwp%2Fv2%2Fcomments&post=3736"}],"version-history":[{"count":10,"href":"https:\/\/inrameknes.info\/index.php?rest_route=\/wp\/v2\/posts\/3736\/revisions"}],"predecessor-version":[{"id":3755,"href":"https:\/\/inrameknes.info\/index.php?rest_route=\/wp\/v2\/posts\/3736\/revisions\/3755"}],"wp:attachment":[{"href":"https:\/\/inrameknes.info\/index.php?rest_route=%2Fwp%2Fv2%2Fmedia&parent=3736"}],"wp:term":[{"taxonomy":"category","embeddable":true,"href":"https:\/\/inrameknes.info\/index.php?rest_route=%2Fwp%2Fv2%2Fcategories&post=3736"},{"taxonomy":"post_tag","embeddable":true,"href":"https:\/\/inrameknes.info\/index.php?rest_route=%2Fwp%2Fv2%2Ftags&post=3736"}],"curies":[{"name":"wp","href":"https:\/\/api.w.org\/{rel}","templated":true}]}}