{"id":3711,"date":"2021-11-01T11:27:08","date_gmt":"2021-11-01T10:27:08","guid":{"rendered":"http:\/\/inrameknes.info\/?p=3711"},"modified":"2021-11-26T17:23:19","modified_gmt":"2021-11-26T16:23:19","slug":"le-crra-meknes-co-organise-la-rencontre-reussir-la-campagne-cerealiere-dans-un-contexte-dincertitude-enjeux-economiques-climatiques-et-operationnels-de-la-campagne-cerealiere-mekne","status":"publish","type":"post","link":"https:\/\/inrameknes.info\/?p=3711","title":{"rendered":"Le CRRA Mekn\u00e8s co-organise la rencontre \u00ab R\u00e9ussir la campagne c\u00e9r\u00e9ali\u00e8re dans un contexte d&rsquo;incertitude : Enjeux \u00e9conomiques, climatiques et op\u00e9rationnels de la campagne c\u00e9r\u00e9ali\u00e8re \u00bb (Mekn\u00e8s, 29\/10\/2021)"},"content":{"rendered":"<p><a href=\"http:\/\/inrameknes.info\/wp-content\/uploads\/2021\/11\/PROGRAMME-CEREALES-1-1.jpg\"><img loading=\"lazy\" decoding=\"async\" class=\"aligncenter wp-image-3713 size-full\" src=\"http:\/\/inrameknes.info\/wp-content\/uploads\/2021\/11\/PROGRAMME-CEREALES-1-1.jpg\" alt=\"AFFICHE CEREALES FR\" width=\"595\" height=\"425\" srcset=\"https:\/\/inrameknes.info\/wp-content\/uploads\/2021\/11\/PROGRAMME-CEREALES-1-1.jpg 595w, https:\/\/inrameknes.info\/wp-content\/uploads\/2021\/11\/PROGRAMME-CEREALES-1-1-300x214.jpg 300w\" sizes=\"auto, (max-width: 595px) 100vw, 595px\" \/><\/a>La journ\u00e9e d\u2019information \u00ab <strong>R\u00e9ussir la campagne c\u00e9r\u00e9ali\u00e8re dans un contexte d&rsquo;incertitude : Enjeux \u00e9conomiques, climatiques et op\u00e9rationnels de la campagne c\u00e9r\u00e9ali\u00e8re<\/strong> \u00bb a \u00e9t\u00e9 organis\u00e9e au Qualip\u00f4le alimentation de Mekn\u00e8s le vendredi 29 octobre 2021 \u00e0 l\u2019initiative de l\u2019<a href=\"https:\/\/agrinova.ma\/\" target=\"_blank\">Association Agripole Innovation Mekn\u00e8s (AGRINOVA)<\/a>, l\u2019INRA (CRRA Mekn\u00e8s), la soci\u00e9t\u00e9 <a href=\"https:\/\/www.sowit.fr\/\" target=\"_blank\">SOWIT<\/a>, et la Direction R\u00e9gionale de l\u2019Agriculture F\u00e8s-Mekn\u00e8s.<\/p>\n<p>Cette journ\u00e9e a ambitionn\u00e9 d\u2019informer et de mobiliser les professionnels de la r\u00e9gion pour une meilleure capitalisation des acquis scientifiques et opportunit\u00e9s technologiques permettant de faire face aux diff\u00e9rents al\u00e9as climatiques, \u00e9conomiques et op\u00e9rationnels en vue de r\u00e9ussir la campagne agricole.<!--more--><\/p>\n<p>Le panel de pr\u00e9sidence de la rencontre, anim\u00e9 par Dr Abderrahim Benta\u00efbi (Chef du CRRA Mekn\u00e8s), \u00e9tait \u00e9galement constitu\u00e9 de messieurs\u00a0: Rachid Benali (Vice-Pr\u00e9sident de la <a href=\"http:\/\/www.comader.ma\/\" target=\"_blank\">COMADER<\/a>), Hmamou El Khammar (Pr\u00e9sident de l\u2019<a href=\"https:\/\/agrinova.ma\/\" target=\"_blank\">AGRINOVA<\/a>) et Kamal Hiddane (Directeur R\u00e9gional de l\u2019Agriculture F\u00e8s-Mekn\u00e8s).<\/p>\n<div id=\"attachment_3715\" style=\"width: 650px\" class=\"wp-caption aligncenter\"><a href=\"http:\/\/inrameknes.info\/wp-content\/uploads\/2021\/11\/IMG_0348.jpg\"><img loading=\"lazy\" decoding=\"async\" aria-describedby=\"caption-attachment-3715\" class=\"size-large wp-image-3715\" src=\"http:\/\/inrameknes.info\/wp-content\/uploads\/2021\/11\/IMG_0348-1024x563.jpg\" alt=\"Pr\u00e9sidence de la rencontre\" width=\"640\" height=\"351\" srcset=\"https:\/\/inrameknes.info\/wp-content\/uploads\/2021\/11\/IMG_0348-1024x563.jpg 1024w, https:\/\/inrameknes.info\/wp-content\/uploads\/2021\/11\/IMG_0348-300x165.jpg 300w\" sizes=\"auto, (max-width: 640px) 100vw, 640px\" \/><\/a><p id=\"caption-attachment-3715\" class=\"wp-caption-text\">Pr\u00e9sidence de la rencontre<\/p><\/div>\n<p>Deux chercheurs du CRRA Mekn\u00e8s y ont donn\u00e9 des communications dont celle de <a href=\"https:\/\/www.researchgate.net\/profile\/Bendidi-Abderrazzak\" target=\"_blank\">Dr Abderrazak Bendidi<\/a> au sujet de la conduite optimale des c\u00e9r\u00e9ales et notamment la pr\u00e9paration du sol, le lit de semis et la d\u00e9termination de la date optimale de semis. La deuxi\u00e8me communication assur\u00e9e par <a href=\"https:\/\/www.researchgate.net\/profile\/Moha-Ferrahi\" target=\"_blank\">Dr Moha Ferrahi<\/a> a \u00e9t\u00e9 ax\u00e9e sur les acquis de l\u2019Institut National de la Recherche Agronomique (INRA) en mati\u00e8re de d\u00e9veloppement vari\u00e9tal et l\u2019apport de ces vari\u00e9t\u00e9s face aux enjeux de stress hydrique et d\u2019efficience en intrants.<\/p>\n<div id=\"attachment_3716\" style=\"width: 650px\" class=\"wp-caption aligncenter\"><a href=\"http:\/\/inrameknes.info\/wp-content\/uploads\/2021\/11\/IMG_0356.jpg\"><img loading=\"lazy\" decoding=\"async\" aria-describedby=\"caption-attachment-3716\" class=\"size-large wp-image-3716\" src=\"http:\/\/inrameknes.info\/wp-content\/uploads\/2021\/11\/IMG_0356-1024x490.jpg\" alt=\"Vue de l'audience\" width=\"640\" height=\"306\" srcset=\"https:\/\/inrameknes.info\/wp-content\/uploads\/2021\/11\/IMG_0356-1024x490.jpg 1024w, https:\/\/inrameknes.info\/wp-content\/uploads\/2021\/11\/IMG_0356-300x143.jpg 300w\" sizes=\"auto, (max-width: 640px) 100vw, 640px\" \/><\/a><p id=\"caption-attachment-3716\" class=\"wp-caption-text\">Vue de l&rsquo;audience<\/p><\/div>\n<p><a href=\"http:\/\/inrameknes.info\/wp-content\/uploads\/2021\/11\/Programme-de-la-journ\u00e9e.pdf\">Programme de la journ\u00e9e<\/a><\/p>\n","protected":false},"excerpt":{"rendered":"<p>La journ\u00e9e d\u2019information \u00ab R\u00e9ussir la campagne c\u00e9r\u00e9ali\u00e8re dans un contexte d&rsquo;incertitude : Enjeux \u00e9conomiques, climatiques et op\u00e9rationnels de la campagne c\u00e9r\u00e9ali\u00e8re \u00bb a \u00e9t\u00e9 organis\u00e9e au Qualip\u00f4le alimentation de Mekn\u00e8s le vendredi 29 octobre 2021 \u00e0 l\u2019initiative de l\u2019Association &hellip; <a href=\"https:\/\/inrameknes.info\/?p=3711\">Continuer la lecture <span class=\"meta-nav\">&rarr;<\/span><\/a><\/p>\n","protected":false},"author":1,"featured_media":0,"comment_status":"closed","ping_status":"closed","sticky":false,"template":"","format":"standard","meta":{"footnotes":""},"categories":[1,82],"tags":[705,343,400,53,361,214,429,752],"class_list":["post-3711","post","type-post","status-publish","format-standard","hentry","category-non-classe","category-seminaires","tag-abderrahim-bentaibi","tag-agrinova","tag-bendidi","tag-cereales","tag-dra-fes-meknes","tag-ferrahi","tag-seminaire","tag-sowit"],"_links":{"self":[{"href":"https:\/\/inrameknes.info\/index.php?rest_route=\/wp\/v2\/posts\/3711","targetHints":{"allow":["GET"]}}],"collection":[{"href":"https:\/\/inrameknes.info\/index.php?rest_route=\/wp\/v2\/posts"}],"about":[{"href":"https:\/\/inrameknes.info\/index.php?rest_route=\/wp\/v2\/types\/post"}],"author":[{"embeddable":true,"href":"https:\/\/inrameknes.info\/index.php?rest_route=\/wp\/v2\/users\/1"}],"replies":[{"embeddable":true,"href":"https:\/\/inrameknes.info\/index.php?rest_route=%2Fwp%2Fv2%2Fcomments&post=3711"}],"version-history":[{"count":7,"href":"https:\/\/inrameknes.info\/index.php?rest_route=\/wp\/v2\/posts\/3711\/revisions"}],"predecessor-version":[{"id":3797,"href":"https:\/\/inrameknes.info\/index.php?rest_route=\/wp\/v2\/posts\/3711\/revisions\/3797"}],"wp:attachment":[{"href":"https:\/\/inrameknes.info\/index.php?rest_route=%2Fwp%2Fv2%2Fmedia&parent=3711"}],"wp:term":[{"taxonomy":"category","embeddable":true,"href":"https:\/\/inrameknes.info\/index.php?rest_route=%2Fwp%2Fv2%2Fcategories&post=3711"},{"taxonomy":"post_tag","embeddable":true,"href":"https:\/\/inrameknes.info\/index.php?rest_route=%2Fwp%2Fv2%2Ftags&post=3711"}],"curies":[{"name":"wp","href":"https:\/\/api.w.org\/{rel}","templated":true}]}}