{"id":3600,"date":"2021-07-02T12:21:45","date_gmt":"2021-07-02T11:21:45","guid":{"rendered":"http:\/\/inrameknes.info\/?p=3600"},"modified":"2021-07-12T14:01:39","modified_gmt":"2021-07-12T13:01:39","slug":"seminaire-changement-climatique-et-resilience-de-lagriculture-a-la-secheresse","status":"publish","type":"post","link":"https:\/\/inrameknes.info\/?p=3600","title":{"rendered":"S\u00e9minaire : Changement climatique et r\u00e9silience de l\u2019agriculture \u00e0 la s\u00e9cheresse"},"content":{"rendered":"<p><a href=\"http:\/\/inrameknes.info\/wp-content\/uploads\/2021\/07\/Affiche-Fr.jpg\"><img loading=\"lazy\" decoding=\"async\" class=\"alignleft wp-image-3610 size-medium\" src=\"http:\/\/inrameknes.info\/wp-content\/uploads\/2021\/07\/Affiche-Fr-209x300.jpg\" alt=\"\" width=\"209\" height=\"300\" srcset=\"https:\/\/inrameknes.info\/wp-content\/uploads\/2021\/07\/Affiche-Fr-209x300.jpg 209w, https:\/\/inrameknes.info\/wp-content\/uploads\/2021\/07\/Affiche-Fr-715x1024.jpg 715w\" sizes=\"auto, (max-width: 209px) 100vw, 209px\" \/><\/a>L\u2019Institut National de la Recherche Agronomique (Centre R\u00e9gional de Mekn\u00e8s) organise le s\u00e9minaire scientifique \u00ab <strong>Changement climatique et r\u00e9silience de l\u2019agriculture \u00e0 la s\u00e9cheresse <\/strong>\u00bb le mardi 13 Juillet 2021 au Qualipole Alimentation de Mekn\u00e8s.<\/p>\n<p><a class=\"yiv4000239062me-email-headline\" style=\"color: #6264a7;\" href=\"https:\/\/teams.microsoft.com\/l\/meetup-join\/19%3ameeting_ODdiNzlkNDgtMzdjMi00ZjgxLWI5ZTctNGM0NGYyNjQ4Yzlj%40thread.v2\/0?context=%7b%22Tid%22%3a%22903b82fe-c0ce-4d7c-9b42-10933a9142eb%22%2c%22Oid%22%3a%2247231c1f-31b4-4f9c-ac8b-85730c87c16f%22%7d\" target=\"_blank\" rel=\"nofollow noopener noreferrer\">Cliquez ici pour rejoindre la r\u00e9union<\/a><\/p>\n<p>Cette manifestation vise le partage de r\u00e9centes avanc\u00e9es de la recherche agronomique sur cette th\u00e9matique, acquises dans le cadre de programmes de recherche de l\u2019INRA \u00e0 moyen termes 2017-2020 et au titre de projets de recherche-d\u00e9veloppement sur l\u2019arboriculture fruiti\u00e8re soutenus par le Minist\u00e8re de l\u2019Agriculture au titre du M\u00e9canisme Comp\u00e9titif de Recherche-D\u00e9veloppement et Vulgarisation (MCRDV 2018-2021).<\/p>\n<p><a href=\"http:\/\/inrameknes.info\/wp-content\/uploads\/2021\/07\/Programme-Seminaire-13-juil-2021.pdf\" target=\"_blank\">Le programme<\/a> \u00e0 l\u2019ordre du jour permettra de passer en revue la vuln\u00e9rabilit\u00e9 de l\u2019agriculture \u00e0 la s\u00e9cheresse, suivant les sc\u00e9narios actuels et futurs et le point sera mis sur les acquis r\u00e9cents de recherche en termes d\u2019adaptation des pratiques agricoles face au d\u00e9ficit hydrique en arboriculture fruiti\u00e8re et cultures annuelles. Ce s\u00e9minaire se veut \u00e9galement un espace d\u2019osmose, de d\u00e9bat et de renforcement des partenariats entre les acteurs r\u00e9gionaux de recherche, du d\u00e9veloppement et du conseil agricoles dans la perspective d\u2019actions communes pour une agriculture durable et moins vuln\u00e9rable au changement climatique.<\/p>\n<p>L\u2019INRA est en effet pleinement impliqu\u00e9 dans le d\u00e9veloppement de technologies agricoles avanc\u00e9es pour la r\u00e9alisation des objectifs du plan \u00ab\u00a0G\u00e9n\u00e9ration Green 2020-2030\u00a0\u00bb. L\u2019Institut veille au m\u00eame titre \u00e0 marquer son apport \u00e0 la mise en \u0153uvre de la strat\u00e9gie nationale de l\u2019eau \u00e0 travers les \u00e9tudes prospectives des impacts du changement climatique sur le secteur agricole, l\u2019offre de paquets technologiques \u00e9conomes d\u2019eau et le d\u00e9veloppement d\u2019outils de gestion \u00e9co-efficiente et durable des ressources en eau \u00e0 l\u2019\u00e9chelle parcellaire.<\/p>\n<p><a href=\"http:\/\/inrameknes.info\/wp-content\/uploads\/2021\/07\/Pr\u00e9sentation-et-programme-du-s\u00e9minaire.pdf\">Pr\u00e9sentation et programme du s\u00e9minaire<\/a><\/p>\n<p><a href=\"http:\/\/inrameknes.info\/wp-content\/uploads\/2021\/07\/Recueil-des-r\u00e9sum\u00e9s.pdf\">Recueil des r\u00e9sum\u00e9s<\/a><\/p>\n<p><a class=\"yiv4000239062me-email-headline\" style=\"color: #6264a7;\" href=\"https:\/\/teams.microsoft.com\/l\/meetup-join\/19%3ameeting_ODdiNzlkNDgtMzdjMi00ZjgxLWI5ZTctNGM0NGYyNjQ4Yzlj%40thread.v2\/0?context=%7b%22Tid%22%3a%22903b82fe-c0ce-4d7c-9b42-10933a9142eb%22%2c%22Oid%22%3a%2247231c1f-31b4-4f9c-ac8b-85730c87c16f%22%7d\" target=\"_blank\" rel=\"nofollow noopener noreferrer\">Cliquez ici pour rejoindre la r\u00e9union<\/a><\/p>\n","protected":false},"excerpt":{"rendered":"<p>L\u2019Institut National de la Recherche Agronomique (Centre R\u00e9gional de Mekn\u00e8s) organise le s\u00e9minaire scientifique \u00ab Changement climatique et r\u00e9silience de l\u2019agriculture \u00e0 la s\u00e9cheresse \u00bb le mardi 13 Juillet 2021 au Qualipole Alimentation de Mekn\u00e8s. Cliquez ici pour rejoindre la &hellip; <a href=\"https:\/\/inrameknes.info\/?p=3600\">Continuer la lecture <span class=\"meta-nav\">&rarr;<\/span><\/a><\/p>\n","protected":false},"author":1,"featured_media":0,"comment_status":"closed","ping_status":"closed","sticky":false,"template":"","format":"standard","meta":{"footnotes":""},"categories":[1,82],"tags":[836,56,445,387,123,398,520],"class_list":["post-3600","post","type-post","status-publish","format-standard","hentry","category-non-classe","category-seminaires","tag-arboriculture-fruitiere","tag-changement-climatique","tag-eau","tag-grandes-cultures","tag-irrigation","tag-secheresse","tag-seminaire-scientifique"],"_links":{"self":[{"href":"https:\/\/inrameknes.info\/index.php?rest_route=\/wp\/v2\/posts\/3600","targetHints":{"allow":["GET"]}}],"collection":[{"href":"https:\/\/inrameknes.info\/index.php?rest_route=\/wp\/v2\/posts"}],"about":[{"href":"https:\/\/inrameknes.info\/index.php?rest_route=\/wp\/v2\/types\/post"}],"author":[{"embeddable":true,"href":"https:\/\/inrameknes.info\/index.php?rest_route=\/wp\/v2\/users\/1"}],"replies":[{"embeddable":true,"href":"https:\/\/inrameknes.info\/index.php?rest_route=%2Fwp%2Fv2%2Fcomments&post=3600"}],"version-history":[{"count":11,"href":"https:\/\/inrameknes.info\/index.php?rest_route=\/wp\/v2\/posts\/3600\/revisions"}],"predecessor-version":[{"id":3619,"href":"https:\/\/inrameknes.info\/index.php?rest_route=\/wp\/v2\/posts\/3600\/revisions\/3619"}],"wp:attachment":[{"href":"https:\/\/inrameknes.info\/index.php?rest_route=%2Fwp%2Fv2%2Fmedia&parent=3600"}],"wp:term":[{"taxonomy":"category","embeddable":true,"href":"https:\/\/inrameknes.info\/index.php?rest_route=%2Fwp%2Fv2%2Fcategories&post=3600"},{"taxonomy":"post_tag","embeddable":true,"href":"https:\/\/inrameknes.info\/index.php?rest_route=%2Fwp%2Fv2%2Ftags&post=3600"}],"curies":[{"name":"wp","href":"https:\/\/api.w.org\/{rel}","templated":true}]}}