{"id":3517,"date":"2021-01-10T11:54:09","date_gmt":"2021-01-10T10:54:09","guid":{"rendered":"http:\/\/inrameknes.info\/?p=3517"},"modified":"2021-04-27T14:32:40","modified_gmt":"2021-04-27T13:32:40","slug":"nouveaux-techniciens-en-renfort-des-domaines-experimentaux-du-crra-meknes","status":"publish","type":"post","link":"https:\/\/inrameknes.info\/?p=3517","title":{"rendered":"Nouveaux techniciens en renfort des domaines exp\u00e9rimentaux du CRRA Mekn\u00e8s"},"content":{"rendered":"<div id=\"attachment_3518\" style=\"width: 119px\" class=\"wp-caption alignleft\"><a href=\"http:\/\/inrameknes.info\/wp-content\/uploads\/2021\/04\/Photo-Maghnaoui.jpeg\"><img loading=\"lazy\" decoding=\"async\" aria-describedby=\"caption-attachment-3518\" class=\"wp-image-3518 size-thumbnail\" src=\"http:\/\/inrameknes.info\/wp-content\/uploads\/2021\/04\/Photo-Maghnaoui-e1619521220377-109x150.jpeg\" alt=\"Abdelhakim Maghnaoui\" width=\"109\" height=\"150\" \/><\/a><p id=\"caption-attachment-3518\" class=\"wp-caption-text\">Abdelhakim Maghnaoui<\/p><\/div>\n<p><strong>Abdelhakim Maghnaoui, Technicien au Domaine Exp\u00e9rimental de Douyet<\/strong><\/p>\n<p>Abdelhakim Maghnaoui, 28 ans, Technicien sp\u00e9cialis\u00e9 en Plantes Aromatiques et M\u00e9dicinales laur\u00e9at de l\u2019institut des Techniciens sp\u00e9cialis\u00e9s en agriculture Ben karich T\u00e9touan (2015). Abdelhakim est aussi titulaire d\u2019une Licence en sciences Agroalimentaires et techniques de Commerce de la Facult\u00e9 des sciences et techniques d\u2019Al Hoceima (2017).<\/p>\n<p>&nbsp;<\/p>\n<div id=\"attachment_3519\" style=\"width: 116px\" class=\"wp-caption alignleft\"><a href=\"http:\/\/inrameknes.info\/wp-content\/uploads\/2021\/04\/Younes-Ogad.jpg\"><img loading=\"lazy\" decoding=\"async\" aria-describedby=\"caption-attachment-3519\" class=\"wp-image-3519 size-full\" src=\"http:\/\/inrameknes.info\/wp-content\/uploads\/2021\/04\/Younes-Ogad.jpg\" alt=\"Younes Ogad\" width=\"106\" height=\"137\" \/><\/a><p id=\"caption-attachment-3519\" class=\"wp-caption-text\">Younes Ogad<\/p><\/div>\n<p><strong>Younes Ogad, Technicien au Domaine Exp\u00e9rimental d\u2019Annoceur<\/strong><\/p>\n<p>Younes Ogad, 33 ans, Technicien sp\u00e9cialis\u00e9e en horticulture, option technico-commercial en production horticole de ITSHM Mekn\u00e8s (2018).<\/p>\n<p>&nbsp;<\/p>\n<p>&nbsp;<\/p>\n<div id=\"attachment_3520\" style=\"width: 117px\" class=\"wp-caption alignleft\"><a href=\"http:\/\/inrameknes.info\/wp-content\/uploads\/2021\/04\/Photo-Ouhoussa-houssam.jpg\"><img loading=\"lazy\" decoding=\"async\" aria-describedby=\"caption-attachment-3520\" class=\"wp-image-3520\" src=\"http:\/\/inrameknes.info\/wp-content\/uploads\/2021\/04\/Photo-Ouhoussa-houssam-150x150.jpg\" alt=\"Houssame Ouhoussa\" width=\"107\" height=\"122\" srcset=\"https:\/\/inrameknes.info\/wp-content\/uploads\/2021\/04\/Photo-Ouhoussa-houssam-264x300.jpg 264w, https:\/\/inrameknes.info\/wp-content\/uploads\/2021\/04\/Photo-Ouhoussa-houssam-901x1024.jpg 901w, https:\/\/inrameknes.info\/wp-content\/uploads\/2021\/04\/Photo-Ouhoussa-houssam.jpg 1419w\" sizes=\"auto, (max-width: 107px) 100vw, 107px\" \/><\/a><p id=\"caption-attachment-3520\" class=\"wp-caption-text\">Houssame Ouhoussa<\/p><\/div>\n<p><strong>Houssame Ouhoussa, Technicien au Domaine Exp\u00e9rimental Ain Taoujdate<\/strong><\/p>\n<p>Houssame Ouhoussa, 31 ans, Technicien sp\u00e9cialis\u00e9 Technico-commercial en production horticulture \u00e0 Institut des Techniciens Sp\u00e9cialis\u00e9s en Agriculture d\u2019Errachidia (2019). Houssame est aussi titulaire d\u2019un dipl\u00f4me de Technicien horticulture du m\u00eame institut (2017). Il est de m\u00eame ouvrier qualifi\u00e9 en polyculture \u00e9levage (2015) et ouvrier qualifi\u00e9 en agent de restauration de l\u2019Institut Sp\u00e9cialis\u00e9 Technique Appliqu\u00e9 Med El Fassi Errachidia (2013).<\/p>\n<p>&nbsp;<\/p>\n","protected":false},"excerpt":{"rendered":"<p>Abdelhakim Maghnaoui, Technicien au Domaine Exp\u00e9rimental de Douyet Abdelhakim Maghnaoui, 28 ans, Technicien sp\u00e9cialis\u00e9 en Plantes Aromatiques et M\u00e9dicinales laur\u00e9at de l\u2019institut des Techniciens sp\u00e9cialis\u00e9s en agriculture Ben karich T\u00e9touan (2015). Abdelhakim est aussi titulaire d\u2019une Licence en sciences Agroalimentaires &hellip; <a href=\"https:\/\/inrameknes.info\/?p=3517\">Continuer la lecture <span class=\"meta-nav\">&rarr;<\/span><\/a><\/p>\n","protected":false},"author":1,"featured_media":0,"comment_status":"closed","ping_status":"closed","sticky":false,"template":"","format":"standard","meta":{"footnotes":""},"categories":[725],"tags":[726,405,175],"class_list":["post-3517","post","type-post","status-publish","format-standard","hentry","category-personnel","tag-domaines-experimentaux","tag-recrutement","tag-techniciens"],"_links":{"self":[{"href":"https:\/\/inrameknes.info\/index.php?rest_route=\/wp\/v2\/posts\/3517","targetHints":{"allow":["GET"]}}],"collection":[{"href":"https:\/\/inrameknes.info\/index.php?rest_route=\/wp\/v2\/posts"}],"about":[{"href":"https:\/\/inrameknes.info\/index.php?rest_route=\/wp\/v2\/types\/post"}],"author":[{"embeddable":true,"href":"https:\/\/inrameknes.info\/index.php?rest_route=\/wp\/v2\/users\/1"}],"replies":[{"embeddable":true,"href":"https:\/\/inrameknes.info\/index.php?rest_route=%2Fwp%2Fv2%2Fcomments&post=3517"}],"version-history":[{"count":3,"href":"https:\/\/inrameknes.info\/index.php?rest_route=\/wp\/v2\/posts\/3517\/revisions"}],"predecessor-version":[{"id":3524,"href":"https:\/\/inrameknes.info\/index.php?rest_route=\/wp\/v2\/posts\/3517\/revisions\/3524"}],"wp:attachment":[{"href":"https:\/\/inrameknes.info\/index.php?rest_route=%2Fwp%2Fv2%2Fmedia&parent=3517"}],"wp:term":[{"taxonomy":"category","embeddable":true,"href":"https:\/\/inrameknes.info\/index.php?rest_route=%2Fwp%2Fv2%2Fcategories&post=3517"},{"taxonomy":"post_tag","embeddable":true,"href":"https:\/\/inrameknes.info\/index.php?rest_route=%2Fwp%2Fv2%2Ftags&post=3517"}],"curies":[{"name":"wp","href":"https:\/\/api.w.org\/{rel}","templated":true}]}}