{"id":3423,"date":"2021-03-24T11:04:30","date_gmt":"2021-03-24T10:04:30","guid":{"rendered":"http:\/\/inrameknes.info\/?p=3423"},"modified":"2021-04-22T12:13:16","modified_gmt":"2021-04-22T11:13:16","slug":"visite-du-directeur-inra-au-domaine-experimental-de-douyet","status":"publish","type":"post","link":"https:\/\/inrameknes.info\/?p=3423","title":{"rendered":"Visite du Directeur INRA au Domaine Exp\u00e9rimental de Douyet"},"content":{"rendered":"<p><a href=\"http:\/\/inrameknes.info\/wp-content\/uploads\/2021\/03\/Visite-du-Directeur-INRA-au-DE-Douyet-17-mars-2021.jpg\"><img loading=\"lazy\" decoding=\"async\" class=\"aligncenter wp-image-3424 size-full\" src=\"http:\/\/inrameknes.info\/wp-content\/uploads\/2021\/03\/Visite-du-Directeur-INRA-au-DE-Douyet-17-mars-2021.jpg\" alt=\"Visite du Directeur INRA au DE Douyet - 17 mars 2021\" width=\"1000\" height=\"594\" srcset=\"https:\/\/inrameknes.info\/wp-content\/uploads\/2021\/03\/Visite-du-Directeur-INRA-au-DE-Douyet-17-mars-2021.jpg 1000w, https:\/\/inrameknes.info\/wp-content\/uploads\/2021\/03\/Visite-du-Directeur-INRA-au-DE-Douyet-17-mars-2021-300x178.jpg 300w\" sizes=\"auto, (max-width: 1000px) 100vw, 1000px\" \/><\/a>Dr Faouzi Bekkaoui, Directeur de l\u2019INRA, a rendu une visite de travail au Domaine Exp\u00e9rimental de Douyet le mercredi 17 mars 2021 et ce dans le cadre de la mise en \u0153uvre d\u2019une strat\u00e9gie de valorisation des obtentions v\u00e9g\u00e9tales de l\u2019INRA en mati\u00e8re notamment de grandes cultures (c\u00e9r\u00e9ales, l\u00e9gumineuses et ol\u00e9agineuses).<\/p>\n<p>Le Directeur de l\u2019INRA et la d\u00e9l\u00e9gation l\u2019accompagnant ont \u00e9t\u00e9 re\u00e7us par Dr Abderrahim Benta\u00efbi, Chef du CRRA Mekn\u00e8s, en pr\u00e9sence du Chef du Domaine et de plusieurs chercheurs impliqu\u00e9s.<\/p>\n<p>Apr\u00e8s une pr\u00e9sentation g\u00e9n\u00e9rale du DE Douyet, les visiteurs se sont directement enquis de la situation de l\u2019ensemble des essais de recherche et des plateformes de d\u00e9monstration des vari\u00e9t\u00e9s INRA des diff\u00e9rentes esp\u00e8ces de grandes cultures (bl\u00e9 tendre, bl\u00e9 dur, orge, triticale, avoine, f\u00e8ve, f\u00e8verole et colza). Ont de m\u00eame \u00e9t\u00e9 visit\u00e9es les plateformes arboricoles r\u00e9cemment install\u00e9es d\u2019olivier, d\u2019amandier, de caroubier et de cactus.<\/p>\n<p><a href=\"http:\/\/inrameknes.info\/wp-content\/uploads\/2021\/03\/Photo2.jpg\"><img loading=\"lazy\" decoding=\"async\" class=\"aligncenter size-full wp-image-3427\" src=\"http:\/\/inrameknes.info\/wp-content\/uploads\/2021\/03\/Photo2.jpg\" alt=\"Photo2\" width=\"1000\" height=\"567\" srcset=\"https:\/\/inrameknes.info\/wp-content\/uploads\/2021\/03\/Photo2.jpg 1000w, https:\/\/inrameknes.info\/wp-content\/uploads\/2021\/03\/Photo2-300x170.jpg 300w\" sizes=\"auto, (max-width: 1000px) 100vw, 1000px\" \/><\/a><a href=\"http:\/\/inrameknes.info\/wp-content\/uploads\/2021\/03\/Essais-Douyet.jpg\"><img loading=\"lazy\" decoding=\"async\" class=\"aligncenter size-full wp-image-3435\" src=\"http:\/\/inrameknes.info\/wp-content\/uploads\/2021\/03\/Essais-Douyet.jpg\" alt=\"Essais Douyet\" width=\"1000\" height=\"750\" srcset=\"https:\/\/inrameknes.info\/wp-content\/uploads\/2021\/03\/Essais-Douyet.jpg 1000w, https:\/\/inrameknes.info\/wp-content\/uploads\/2021\/03\/Essais-Douyet-300x225.jpg 300w\" sizes=\"auto, (max-width: 1000px) 100vw, 1000px\" \/><\/a><\/p>\n","protected":false},"excerpt":{"rendered":"<p>Dr Faouzi Bekkaoui, Directeur de l\u2019INRA, a rendu une visite de travail au Domaine Exp\u00e9rimental de Douyet le mercredi 17 mars 2021 et ce dans le cadre de la mise en \u0153uvre d\u2019une strat\u00e9gie de valorisation des obtentions v\u00e9g\u00e9tales de &hellip; <a href=\"https:\/\/inrameknes.info\/?p=3423\">Continuer la lecture <span class=\"meta-nav\">&rarr;<\/span><\/a><\/p>\n","protected":false},"author":1,"featured_media":0,"comment_status":"closed","ping_status":"closed","sticky":false,"template":"","format":"standard","meta":{"footnotes":""},"categories":[116],"tags":[705,53,482,616,588,848,708,710,709,839],"class_list":["post-3423","post","type-post","status-publish","format-standard","hentry","category-visite","tag-abderrahim-bentaibi","tag-cereales","tag-de-douyet","tag-directeur-inra","tag-faouzi-bekkaoui","tag-legumineuses","tag-obtentions-inra","tag-oleagineuses","tag-varietes","tag-visite"],"_links":{"self":[{"href":"https:\/\/inrameknes.info\/index.php?rest_route=\/wp\/v2\/posts\/3423","targetHints":{"allow":["GET"]}}],"collection":[{"href":"https:\/\/inrameknes.info\/index.php?rest_route=\/wp\/v2\/posts"}],"about":[{"href":"https:\/\/inrameknes.info\/index.php?rest_route=\/wp\/v2\/types\/post"}],"author":[{"embeddable":true,"href":"https:\/\/inrameknes.info\/index.php?rest_route=\/wp\/v2\/users\/1"}],"replies":[{"embeddable":true,"href":"https:\/\/inrameknes.info\/index.php?rest_route=%2Fwp%2Fv2%2Fcomments&post=3423"}],"version-history":[{"count":9,"href":"https:\/\/inrameknes.info\/index.php?rest_route=\/wp\/v2\/posts\/3423\/revisions"}],"predecessor-version":[{"id":3516,"href":"https:\/\/inrameknes.info\/index.php?rest_route=\/wp\/v2\/posts\/3423\/revisions\/3516"}],"wp:attachment":[{"href":"https:\/\/inrameknes.info\/index.php?rest_route=%2Fwp%2Fv2%2Fmedia&parent=3423"}],"wp:term":[{"taxonomy":"category","embeddable":true,"href":"https:\/\/inrameknes.info\/index.php?rest_route=%2Fwp%2Fv2%2Fcategories&post=3423"},{"taxonomy":"post_tag","embeddable":true,"href":"https:\/\/inrameknes.info\/index.php?rest_route=%2Fwp%2Fv2%2Ftags&post=3423"}],"curies":[{"name":"wp","href":"https:\/\/api.w.org\/{rel}","templated":true}]}}