{"id":3403,"date":"2021-03-03T11:44:43","date_gmt":"2021-03-03T10:44:43","guid":{"rendered":"http:\/\/inrameknes.info\/?p=3403"},"modified":"2021-03-03T11:46:33","modified_gmt":"2021-03-03T10:46:33","slug":"contribution-de-chercheurs-inra-meknes-a-louvrage-vulnerabilite-et-internet-au-maroc-entre-precarisation-et-empowerment","status":"publish","type":"post","link":"https:\/\/inrameknes.info\/?p=3403","title":{"rendered":"Contribution de chercheurs INRA Mekn\u00e8s \u00e0 l&rsquo;ouvrage : VULN\u00c9RABILIT\u00c9 ET INTERNET AU MAROC ENTRE PRECARISATION ET EMPOWERMENT"},"content":{"rendered":"<p><a href=\"http:\/\/inrameknes.info\/wp-content\/uploads\/2021\/03\/Couverture-ouvrage.jpg\"><img loading=\"lazy\" decoding=\"async\" class=\"alignleft wp-image-3404 size-medium\" src=\"http:\/\/inrameknes.info\/wp-content\/uploads\/2021\/03\/Couverture-ouvrage-195x300.jpg\" alt=\"Couverture ouvrage\" width=\"195\" height=\"300\" srcset=\"https:\/\/inrameknes.info\/wp-content\/uploads\/2021\/03\/Couverture-ouvrage-195x300.jpg 195w, https:\/\/inrameknes.info\/wp-content\/uploads\/2021\/03\/Couverture-ouvrage-666x1024.jpg 666w, https:\/\/inrameknes.info\/wp-content\/uploads\/2021\/03\/Couverture-ouvrage.jpg 999w\" sizes=\"auto, (max-width: 195px) 100vw, 195px\" \/><\/a>N. Bahri et A. Benta\u00efbi, chercheurs \u00e0 l&rsquo;INRA &#8211; CRRA Mekn\u00e8s, ont contribu\u00e9 \u00e0 l&rsquo;ouvrage \u00ab\u00a0Vuln\u00e9rabilit\u00e9 et Internet au Maroc entre pr\u00e9carisation et empowerment\u00a0\u00bb paru chez l&rsquo;Harmattan sous la direction de Hassan Atifi.<\/p>\n<p>Le chapitre impliquant les deux chercheurs INRA et T. Desrues (<a href=\"https:\/\/www.iesa.csic.es\/\" target=\"_blank\">IESA Cordoue<\/a>) est intitul\u00e9 \u00ab\u00a0Usage collectif des\u00a0TIC et changement social en contexte de pauvret\u00e9 chez les communaut\u00e9s rurales du Maroc ?\u00a0\u00bb.<\/p>\n<p><a href=\"https:\/\/books.google.co.ma\/books?id=XqPeDwAAQBAJ&amp;printsec=frontcover&amp;hl=fr&amp;source=gbs_vpt_buy#v=onepage&amp;q&amp;f=false\" target=\"_blank\">Pr\u00e9sentation de l&rsquo;ouvrage<\/a><\/p>\n","protected":false},"excerpt":{"rendered":"<p>N. Bahri et A. Benta\u00efbi, chercheurs \u00e0 l&rsquo;INRA &#8211; CRRA Mekn\u00e8s, ont contribu\u00e9 \u00e0 l&rsquo;ouvrage \u00ab\u00a0Vuln\u00e9rabilit\u00e9 et Internet au Maroc entre pr\u00e9carisation et empowerment\u00a0\u00bb paru chez l&rsquo;Harmattan sous la direction de Hassan Atifi. Le chapitre impliquant les deux chercheurs INRA &hellip; <a href=\"https:\/\/inrameknes.info\/?p=3403\">Continuer la lecture <span class=\"meta-nav\">&rarr;<\/span><\/a><\/p>\n","protected":false},"author":1,"featured_media":0,"comment_status":"closed","ping_status":"closed","sticky":false,"template":"","format":"standard","meta":{"footnotes":""},"categories":[9],"tags":[705,474,574,704,706,335,582,575,833,24],"class_list":["post-3403","post","type-post","status-publish","format-standard","hentry","category-publications","tag-abderrahim-bentaibi","tag-changement-social","tag-chapitre-douvrage","tag-developpement-rural","tag-lharmattan","tag-noureddine-bahri","tag-ntic","tag-ouvrage-collectif","tag-publications","tag-socio-economie"],"_links":{"self":[{"href":"https:\/\/inrameknes.info\/index.php?rest_route=\/wp\/v2\/posts\/3403","targetHints":{"allow":["GET"]}}],"collection":[{"href":"https:\/\/inrameknes.info\/index.php?rest_route=\/wp\/v2\/posts"}],"about":[{"href":"https:\/\/inrameknes.info\/index.php?rest_route=\/wp\/v2\/types\/post"}],"author":[{"embeddable":true,"href":"https:\/\/inrameknes.info\/index.php?rest_route=\/wp\/v2\/users\/1"}],"replies":[{"embeddable":true,"href":"https:\/\/inrameknes.info\/index.php?rest_route=%2Fwp%2Fv2%2Fcomments&post=3403"}],"version-history":[{"count":3,"href":"https:\/\/inrameknes.info\/index.php?rest_route=\/wp\/v2\/posts\/3403\/revisions"}],"predecessor-version":[{"id":3407,"href":"https:\/\/inrameknes.info\/index.php?rest_route=\/wp\/v2\/posts\/3403\/revisions\/3407"}],"wp:attachment":[{"href":"https:\/\/inrameknes.info\/index.php?rest_route=%2Fwp%2Fv2%2Fmedia&parent=3403"}],"wp:term":[{"taxonomy":"category","embeddable":true,"href":"https:\/\/inrameknes.info\/index.php?rest_route=%2Fwp%2Fv2%2Fcategories&post=3403"},{"taxonomy":"post_tag","embeddable":true,"href":"https:\/\/inrameknes.info\/index.php?rest_route=%2Fwp%2Fv2%2Ftags&post=3403"}],"curies":[{"name":"wp","href":"https:\/\/api.w.org\/{rel}","templated":true}]}}