{"id":2927,"date":"2019-09-01T17:13:35","date_gmt":"2019-09-01T16:13:35","guid":{"rendered":"http:\/\/inrameknes.info\/?p=2927"},"modified":"2019-10-18T17:17:47","modified_gmt":"2019-10-18T16:17:47","slug":"formation-sur-hi-tech-propagation-et-production-de-fruits-et-legumes-dans-un-agro-ecosysteme-aride-et-semi-aride","status":"publish","type":"post","link":"https:\/\/inrameknes.info\/?p=2927","title":{"rendered":"Formation sur Hi-tech propagation et production de fruits et l\u00e9gumes dans un agro-\u00e9cosyst\u00e8me aride et semi-aride"},"content":{"rendered":"<div id=\"attachment_1647\" style=\"width: 160px\" class=\"wp-caption alignleft\"><a href=\"http:\/\/inrameknes.info\/wp-content\/uploads\/2017\/05\/El-Houssain-Bouichou.jpg\"><img loading=\"lazy\" decoding=\"async\" aria-describedby=\"caption-attachment-1647\" class=\"size-thumbnail wp-image-1647\" src=\"http:\/\/inrameknes.info\/wp-content\/uploads\/2017\/05\/El-Houssain-Bouichou-150x150.jpg\" alt=\"El Houssain Bouichou (UR. APV)\" width=\"150\" height=\"150\" \/><\/a><p id=\"caption-attachment-1647\" class=\"wp-caption-text\">El Houssain Bouichou (UR. APV &#8211; CRRA Mekn\u00e8s)<\/p><\/div>\n<p>Mr El Houssa\u00efne Bouichou, technicien de recherche du CRRA Mekn\u00e8s, a particip\u00e9 \u00e0 le session de formation \u00ab\u00a0Hi-tech Propagation and Production of Fruit &amp; Vegetables in arid &amp; semi arid agro-ecosystem\u00a0\u00bb qui a eu lieu du 09 au 18 ao\u00fbt 2019\u00a0dans le centre d\u2019horticulture ICAR-Central Institute of Arid Horticulture, Bikaner en Inde dans le cadre de l\u2019India-Africa Forum Summit (IAFS-III).<\/p>\n<p>Cette session a permis aux participants de renforcer leurs connaissances en techniques d\u2019am\u00e9lioration des productions v\u00e9g\u00e9tales \u00e0 travers la capitalisation du savoir en termes d\u2019installation et de conduite des essais exp\u00e9rimentaux.<\/p>\n","protected":false},"excerpt":{"rendered":"<p>Mr El Houssa\u00efne Bouichou, technicien de recherche du CRRA Mekn\u00e8s, a particip\u00e9 \u00e0 le session de formation \u00ab\u00a0Hi-tech Propagation and Production of Fruit &amp; Vegetables in arid &amp; semi arid agro-ecosystem\u00a0\u00bb qui a eu lieu du 09 au 18 ao\u00fbt &hellip; <a href=\"https:\/\/inrameknes.info\/?p=2927\">Continuer la lecture <span class=\"meta-nav\">&rarr;<\/span><\/a><\/p>\n","protected":false},"author":1,"featured_media":0,"comment_status":"closed","ping_status":"closed","sticky":false,"template":"","format":"standard","meta":{"footnotes":""},"categories":[1],"tags":[295,173,158],"class_list":["post-2927","post","type-post","status-publish","format-standard","hentry","category-non-classe","tag-bouichou","tag-formation","tag-inde"],"_links":{"self":[{"href":"https:\/\/inrameknes.info\/index.php?rest_route=\/wp\/v2\/posts\/2927","targetHints":{"allow":["GET"]}}],"collection":[{"href":"https:\/\/inrameknes.info\/index.php?rest_route=\/wp\/v2\/posts"}],"about":[{"href":"https:\/\/inrameknes.info\/index.php?rest_route=\/wp\/v2\/types\/post"}],"author":[{"embeddable":true,"href":"https:\/\/inrameknes.info\/index.php?rest_route=\/wp\/v2\/users\/1"}],"replies":[{"embeddable":true,"href":"https:\/\/inrameknes.info\/index.php?rest_route=%2Fwp%2Fv2%2Fcomments&post=2927"}],"version-history":[{"count":2,"href":"https:\/\/inrameknes.info\/index.php?rest_route=\/wp\/v2\/posts\/2927\/revisions"}],"predecessor-version":[{"id":2929,"href":"https:\/\/inrameknes.info\/index.php?rest_route=\/wp\/v2\/posts\/2927\/revisions\/2929"}],"wp:attachment":[{"href":"https:\/\/inrameknes.info\/index.php?rest_route=%2Fwp%2Fv2%2Fmedia&parent=2927"}],"wp:term":[{"taxonomy":"category","embeddable":true,"href":"https:\/\/inrameknes.info\/index.php?rest_route=%2Fwp%2Fv2%2Fcategories&post=2927"},{"taxonomy":"post_tag","embeddable":true,"href":"https:\/\/inrameknes.info\/index.php?rest_route=%2Fwp%2Fv2%2Ftags&post=2927"}],"curies":[{"name":"wp","href":"https:\/\/api.w.org\/{rel}","templated":true}]}}