{"id":2869,"date":"2019-10-11T11:56:11","date_gmt":"2019-10-11T10:56:11","guid":{"rendered":"http:\/\/inrameknes.info\/?p=2869"},"modified":"2019-10-11T12:00:10","modified_gmt":"2019-10-11T11:00:10","slug":"seminaire-interne-facteurs-genetiques-et-ecologiques-favorisant-les-emergences-des-bacterioses-vasculaires-le-cas-de-la-flavescence-doree-de-la-vigne","status":"publish","type":"post","link":"https:\/\/inrameknes.info\/?p=2869","title":{"rendered":"S\u00e9minaire interne : Facteurs g\u00e9n\u00e9tiques et \u00e9cologiques favorisant les \u00e9mergences des bact\u00e9rioses vasculaires: le cas de la Flavescence dor\u00e9e de la vigne"},"content":{"rendered":"<div id=\"attachment_2872\" style=\"width: 136px\" class=\"wp-caption alignright\"><a href=\"http:\/\/inrameknes.info\/wp-content\/uploads\/2019\/10\/Dr-Xavier-Foissac.jpg\"><img loading=\"lazy\" decoding=\"async\" aria-describedby=\"caption-attachment-2872\" class=\"wp-image-2872 size-thumbnail\" src=\"http:\/\/inrameknes.info\/wp-content\/uploads\/2019\/10\/Dr-Xavier-Foissac-e1570791461452-126x150.jpg\" alt=\"Dr Xavier Foissac\" width=\"126\" height=\"150\" \/><\/a><p id=\"caption-attachment-2872\" class=\"wp-caption-text\">Dr Xavier Foissac<\/p><\/div>\n<p><a href=\"https:\/\/www6.bordeaux-aquitaine.inra.fr\/bfp_eng\/Staff\/D-F\/Foissac-Xavier\" target=\"_blank\">Dr Xavier Foissac<\/a> (Directeur de Recherche, <a href=\"www.bordeaux-aquitaine.inra.fr\" target=\"_blank\">INRA Bordeau<\/a> France) a anim\u00e9 au CRRA Mekn\u00e8s, le mercredi 09 octobre 2019, un s\u00e9minaire intitul\u00e9 : \u00ab\u00a0Facteurs g\u00e9n\u00e9tiques et \u00e9cologiques favorisant les \u00e9mergences des bact\u00e9rioses vasculaires: le cas de la Flavescence dor\u00e9e de la vigne\u00a0\u00bb.<\/p>\n<p>Le s\u00e9minaire a \u00e9t\u00e9 suivi par une large audience compos\u00e9e notamment de chercheurSEs, technicienNEs de recherche, enseignantEs-chercheurEs et d&rsquo;\u00e9tudiantEs de la <a href=\"www.fs-umi.ac.ma\" target=\"_blank\">Facult\u00e9 des Sciences de Mekn\u00e8s<\/a>.<\/p>\n<p><a href=\"http:\/\/inrameknes.info\/wp-content\/uploads\/2019\/10\/Abstract-S\u00e9minaire-Xavier-Foissac-INRA-Meknes.pdf\">Abstract S\u00e9minaire Dr Xavier Foissac<\/a><\/p>\n","protected":false},"excerpt":{"rendered":"<p>Dr Xavier Foissac (Directeur de Recherche, INRA Bordeau France) a anim\u00e9 au CRRA Mekn\u00e8s, le mercredi 09 octobre 2019, un s\u00e9minaire intitul\u00e9 : \u00ab\u00a0Facteurs g\u00e9n\u00e9tiques et \u00e9cologiques favorisant les \u00e9mergences des bact\u00e9rioses vasculaires: le cas de la Flavescence dor\u00e9e de &hellip; <a href=\"https:\/\/inrameknes.info\/?p=2869\">Continuer la lecture <span class=\"meta-nav\">&rarr;<\/span><\/a><\/p>\n","protected":false},"author":1,"featured_media":0,"comment_status":"closed","ping_status":"closed","sticky":false,"template":"","format":"standard","meta":{"footnotes":""},"categories":[82],"tags":[627,528,78,177,151,626],"class_list":["post-2869","post","type-post","status-publish","format-standard","hentry","category-seminaires","tag-inra-bordeau","tag-inra-france","tag-protection-des-plantes","tag-seminaire-interne","tag-vigne","tag-xavier-foissac"],"_links":{"self":[{"href":"https:\/\/inrameknes.info\/index.php?rest_route=\/wp\/v2\/posts\/2869","targetHints":{"allow":["GET"]}}],"collection":[{"href":"https:\/\/inrameknes.info\/index.php?rest_route=\/wp\/v2\/posts"}],"about":[{"href":"https:\/\/inrameknes.info\/index.php?rest_route=\/wp\/v2\/types\/post"}],"author":[{"embeddable":true,"href":"https:\/\/inrameknes.info\/index.php?rest_route=\/wp\/v2\/users\/1"}],"replies":[{"embeddable":true,"href":"https:\/\/inrameknes.info\/index.php?rest_route=%2Fwp%2Fv2%2Fcomments&post=2869"}],"version-history":[{"count":5,"href":"https:\/\/inrameknes.info\/index.php?rest_route=\/wp\/v2\/posts\/2869\/revisions"}],"predecessor-version":[{"id":2876,"href":"https:\/\/inrameknes.info\/index.php?rest_route=\/wp\/v2\/posts\/2869\/revisions\/2876"}],"wp:attachment":[{"href":"https:\/\/inrameknes.info\/index.php?rest_route=%2Fwp%2Fv2%2Fmedia&parent=2869"}],"wp:term":[{"taxonomy":"category","embeddable":true,"href":"https:\/\/inrameknes.info\/index.php?rest_route=%2Fwp%2Fv2%2Fcategories&post=2869"},{"taxonomy":"post_tag","embeddable":true,"href":"https:\/\/inrameknes.info\/index.php?rest_route=%2Fwp%2Fv2%2Ftags&post=2869"}],"curies":[{"name":"wp","href":"https:\/\/api.w.org\/{rel}","templated":true}]}}