{"id":2827,"date":"2019-09-26T16:54:28","date_gmt":"2019-09-26T15:54:28","guid":{"rendered":"http:\/\/inrameknes.info\/?p=2827"},"modified":"2019-09-26T16:55:28","modified_gmt":"2019-09-26T15:55:28","slug":"seminaire-interne-etude-de-la-diversite-genetique-de-la-population-dallorhizobium-vitis-responsable-de-la-galle-du-collet-de-la-vigne-au-maroc","status":"publish","type":"post","link":"https:\/\/inrameknes.info\/?p=2827","title":{"rendered":"S\u00e9minaire interne : Etude de la Diversit\u00e9 G\u00e9n\u00e9tique de la Population d\u2019Allorhizobium vitis Responsable de la Galle du Collet de la Vigne au Maroc"},"content":{"rendered":"<div id=\"attachment_2828\" style=\"width: 232px\" class=\"wp-caption alignleft\"><a href=\"http:\/\/inrameknes.info\/wp-content\/uploads\/2019\/09\/Dr-Khaoula-Habbadi-Chercheure-au-CRRA-Mekn\u00e8s.jpg\"><img loading=\"lazy\" decoding=\"async\" aria-describedby=\"caption-attachment-2828\" class=\"size-medium wp-image-2828\" src=\"http:\/\/inrameknes.info\/wp-content\/uploads\/2019\/09\/Dr-Khaoula-Habbadi-Chercheure-au-CRRA-Mekn\u00e8s-222x300.jpg\" alt=\"Dr Khaoula Habbadi, Chercheure au CRRA Mekn\u00e8s\" width=\"222\" height=\"300\" srcset=\"https:\/\/inrameknes.info\/wp-content\/uploads\/2019\/09\/Dr-Khaoula-Habbadi-Chercheure-au-CRRA-Mekn\u00e8s-222x300.jpg 222w, https:\/\/inrameknes.info\/wp-content\/uploads\/2019\/09\/Dr-Khaoula-Habbadi-Chercheure-au-CRRA-Mekn\u00e8s.jpg 700w\" sizes=\"auto, (max-width: 222px) 100vw, 222px\" \/><\/a><p id=\"caption-attachment-2828\" class=\"wp-caption-text\">Dr Khaoula Habbadi, Chercheure au CRRA Mekn\u00e8s<\/p><\/div>\n<p><a href=\"https:\/\/www.researchgate.net\/profile\/Khaoula_Habbadi\">Dr Khaoula Habbadi\u00a0<\/a>(chercheure \u00e0 l&rsquo;URPP- CRRA Mekn\u00e8s) a anim\u00e9 ce jeudi 26 septembre\u00a02019\u00a0un s\u00e9minaire interne intitul\u00e9 \u00ab\u00a0Etude de la Diversit\u00e9 G\u00e9n\u00e9tique de la Population d\u2019<em>Allorhizobium vitis<\/em>\u00a0Responsable de la Galle du Collet de la Vigne au Maroc\u00a0\u00bb.<\/p>\n<p>Le s\u00e9minaire a consist\u00e9 en la pr\u00e9sentation des r\u00e9sultats d\u2019un travail de recherche men\u00e9 dans la r\u00e9gion F\u00e8s-Mekn\u00e8s avec comme objectifs d\u2019\u00e9tudier l\u2019\u00e9tat phytosanitaire de la culture de la vigne dans la r\u00e9gion de F\u00e8s-Mekn\u00e8s, de caract\u00e9riser au niveau mol\u00e9culaire les populations d&rsquo;<em>A. vitis<\/em>\u00a0apr\u00e8s collection des \u00e9chantillons dans la r\u00e9gion prospect\u00e9e et d&rsquo;\u00e9tudier la diversit\u00e9 g\u00e9n\u00e9tique des isolats.<\/p>\n<p>Un deuxi\u00e8me s\u00e9minaire sera prochainement anim\u00e9 par Dr Habbadi pour pr\u00e9senter le dernier volet de cette \u00e9tude concernant l&rsquo;\u00e9laboration de strat\u00e9gie de lutte int\u00e9gr\u00e9e contre la galle du collet incluant l\u2019usage de pesticide biologique \u00e0 base d\u2019antagonistes et des huiles essentielles.<\/p>\n<p>Il est \u00e0 pr\u00e9ciser que la galle du collet, due \u00e0\u00a0<em>Allorhizobium vitis<\/em>, est une maladie bact\u00e9rienne syst\u00e9mique et dangereuse sur les vignes partout dans le monde ; elle est diss\u00e9min\u00e9e largement avec le mat\u00e9riel de multiplication de la vigne. Depuis son apparition en 2008 au Maroc dans de nouveaux vergers plant\u00e9s par des vari\u00e9t\u00e9s import\u00e9es de l\u2019Italie, la maladie ne cesse d\u2019impacter n\u00e9gativement les rendements. Elle est difficile \u00e0 contr\u00f4ler vue l\u2019absence des moyens de lutte efficaces.<\/p>\n<p>&nbsp;<\/p>\n","protected":false},"excerpt":{"rendered":"<p>Dr Khaoula Habbadi\u00a0(chercheure \u00e0 l&rsquo;URPP- CRRA Mekn\u00e8s) a anim\u00e9 ce jeudi 26 septembre\u00a02019\u00a0un s\u00e9minaire interne intitul\u00e9 \u00ab\u00a0Etude de la Diversit\u00e9 G\u00e9n\u00e9tique de la Population d\u2019Allorhizobium vitis\u00a0Responsable de la Galle du Collet de la Vigne au Maroc\u00a0\u00bb. Le s\u00e9minaire a consist\u00e9 &hellip; <a href=\"https:\/\/inrameknes.info\/?p=2827\">Continuer la lecture <span class=\"meta-nav\">&rarr;<\/span><\/a><\/p>\n","protected":false},"author":1,"featured_media":0,"comment_status":"closed","ping_status":"closed","sticky":false,"template":"","format":"standard","meta":{"footnotes":""},"categories":[82],"tags":[401,562,177,144,151],"class_list":["post-2827","post","type-post","status-publish","format-standard","hentry","category-seminaires","tag-galle-du-collet","tag-khaoula-habbadi","tag-seminaire-interne","tag-urpp","tag-vigne"],"_links":{"self":[{"href":"https:\/\/inrameknes.info\/index.php?rest_route=\/wp\/v2\/posts\/2827","targetHints":{"allow":["GET"]}}],"collection":[{"href":"https:\/\/inrameknes.info\/index.php?rest_route=\/wp\/v2\/posts"}],"about":[{"href":"https:\/\/inrameknes.info\/index.php?rest_route=\/wp\/v2\/types\/post"}],"author":[{"embeddable":true,"href":"https:\/\/inrameknes.info\/index.php?rest_route=\/wp\/v2\/users\/1"}],"replies":[{"embeddable":true,"href":"https:\/\/inrameknes.info\/index.php?rest_route=%2Fwp%2Fv2%2Fcomments&post=2827"}],"version-history":[{"count":2,"href":"https:\/\/inrameknes.info\/index.php?rest_route=\/wp\/v2\/posts\/2827\/revisions"}],"predecessor-version":[{"id":2830,"href":"https:\/\/inrameknes.info\/index.php?rest_route=\/wp\/v2\/posts\/2827\/revisions\/2830"}],"wp:attachment":[{"href":"https:\/\/inrameknes.info\/index.php?rest_route=%2Fwp%2Fv2%2Fmedia&parent=2827"}],"wp:term":[{"taxonomy":"category","embeddable":true,"href":"https:\/\/inrameknes.info\/index.php?rest_route=%2Fwp%2Fv2%2Fcategories&post=2827"},{"taxonomy":"post_tag","embeddable":true,"href":"https:\/\/inrameknes.info\/index.php?rest_route=%2Fwp%2Fv2%2Ftags&post=2827"}],"curies":[{"name":"wp","href":"https:\/\/api.w.org\/{rel}","templated":true}]}}