{"id":2715,"date":"2019-06-24T10:57:39","date_gmt":"2019-06-24T09:57:39","guid":{"rendered":"http:\/\/inrameknes.info\/?p=2715"},"modified":"2020-07-07T10:17:32","modified_gmt":"2020-07-07T09:17:32","slug":"journee-les-cartes-de-vocation-des-terres-et-de-fertilite-des-sols-des-outils-daide-a-la-decision-pour-une-agriculture-durable-face-au-changement-climatique","status":"publish","type":"post","link":"https:\/\/inrameknes.info\/?p=2715","title":{"rendered":"Journ\u00e9e : \u00abLes cartes de vocation des terres et de fertilit\u00e9 des sols : des outils d\u2019aide \u00e0 la d\u00e9cision pour une agriculture durable face au changement climatique\u00bb"},"content":{"rendered":"<div id=\"attachment_2749\" style=\"width: 760px\" class=\"wp-caption alignleft\"><a href=\"http:\/\/inrameknes.info\/wp-content\/uploads\/2019\/06\/\u0627\u0644\u0645\u0634\u0627\u0631\u0643\u0627\u062a-\u0648\u0627\u0644\u0645\u0634\u0627\u0631\u0643\u0648\u0646.jpg\"><img loading=\"lazy\" decoding=\"async\" aria-describedby=\"caption-attachment-2749\" class=\"wp-image-2749 size-full\" src=\"http:\/\/inrameknes.info\/wp-content\/uploads\/2019\/06\/\u0627\u0644\u0645\u0634\u0627\u0631\u0643\u0627\u062a-\u0648\u0627\u0644\u0645\u0634\u0627\u0631\u0643\u0648\u0646.jpg\" alt=\"Photo collective des ParticipantEs \u00e0 la journ\u00e9e \u00ab Les cartes de vocation des terres et de fertilit\u00e9 des sols : des outils d\u2019aide \u00e0 la d\u00e9cision pour une agriculture durable face au changement climatique \u00bb, Mekn\u00e8s 27\/06\/2019\" width=\"750\" height=\"315\" srcset=\"https:\/\/inrameknes.info\/wp-content\/uploads\/2019\/06\/\u0627\u0644\u0645\u0634\u0627\u0631\u0643\u0627\u062a-\u0648\u0627\u0644\u0645\u0634\u0627\u0631\u0643\u0648\u0646.jpg 750w, https:\/\/inrameknes.info\/wp-content\/uploads\/2019\/06\/\u0627\u0644\u0645\u0634\u0627\u0631\u0643\u0627\u062a-\u0648\u0627\u0644\u0645\u0634\u0627\u0631\u0643\u0648\u0646-300x126.jpg 300w\" sizes=\"auto, (max-width: 750px) 100vw, 750px\" \/><\/a><p id=\"caption-attachment-2749\" class=\"wp-caption-text\">Photo collective des ParticipantEs \u00e0 la journ\u00e9e \u00ab Les cartes de vocation des terres et de fertilit\u00e9 des sols : des outils d\u2019aide \u00e0 la d\u00e9cision pour une agriculture durable face au changement climatique \u00bb, Mekn\u00e8s 27\/06\/2019<\/p><\/div>\n<div id=\"attachment_2752\" style=\"width: 310px\" class=\"wp-caption alignright\"><a href=\"http:\/\/inrameknes.info\/wp-content\/uploads\/2019\/06\/Bekkaoui.png\"><img loading=\"lazy\" decoding=\"async\" aria-describedby=\"caption-attachment-2752\" class=\"size-medium wp-image-2752\" src=\"http:\/\/inrameknes.info\/wp-content\/uploads\/2019\/06\/Bekkaoui-300x224.png\" alt=\"Dr Faouzi Bekkaoui (Directeur INRA) donnant l'ouverture de la journ\u00e9e\" width=\"300\" height=\"224\" srcset=\"https:\/\/inrameknes.info\/wp-content\/uploads\/2019\/06\/Bekkaoui-300x224.png 300w, https:\/\/inrameknes.info\/wp-content\/uploads\/2019\/06\/Bekkaoui.png 750w\" sizes=\"auto, (max-width: 300px) 100vw, 300px\" \/><\/a><p id=\"caption-attachment-2752\" class=\"wp-caption-text\">Dr Faouzi Bekkaoui (Directeur INRA) donnant l&rsquo;ouverture de la journ\u00e9e<\/p><\/div>\n<p>Le Centre R\u00e9gional de la Recherche Agronomique de Mekn\u00e8s a organis\u00e9 la journ\u00e9e : \u00ab Les cartes de vocation des terres et de fertilit\u00e9 des sols : des outils d\u2019aide \u00e0 la d\u00e9cision pour une agriculture durable face au changement climatique \u00bb le jeudi 27 juin 2019 au Qualipole Alimentation de Mekn\u00e8s. Cette manifestation a \u00e9t\u00e9 pr\u00e9sid\u00e9e par Dr Faouzi Bekkaoui, Directeur de l&rsquo;INRA et Dr Abderrahim Benta\u00efbi (Chef du CRRA Mekn\u00e8s) en pr\u00e9sence du Dr Kamal Hidane (DRA F\u00e8s-Mekn\u00e8s) et des directeurs r\u00e9gionaux de l&rsquo;ONSSA et de l&rsquo;ONCA.<\/p>\n<div id=\"attachment_2729\" style=\"width: 160px\" class=\"wp-caption alignright\"><a href=\"http:\/\/inrameknes.info\/wp-content\/uploads\/2019\/06\/Kamal-Hidane.jpg\"><img loading=\"lazy\" decoding=\"async\" aria-describedby=\"caption-attachment-2729\" class=\"wp-image-2729\" src=\"http:\/\/inrameknes.info\/wp-content\/uploads\/2019\/06\/Kamal-Hidane-232x300.jpg\" alt=\"Dr Kamal Hidane, DRA FM, \u00e0 l'ouverture de la journ\u00e9e\" width=\"150\" height=\"194\" srcset=\"https:\/\/inrameknes.info\/wp-content\/uploads\/2019\/06\/Kamal-Hidane-232x300.jpg 232w, https:\/\/inrameknes.info\/wp-content\/uploads\/2019\/06\/Kamal-Hidane.jpg 600w\" sizes=\"auto, (max-width: 150px) 100vw, 150px\" \/><\/a><p id=\"caption-attachment-2729\" class=\"wp-caption-text\">Dr Kamal Hidane, DRA FM, \u00e0 l&rsquo;ouverture de la journ\u00e9e<\/p><\/div>\n<p>Cette journ\u00e9e a offert l\u2019opportunit\u00e9 de partager, avec les acteurs institutionnels et professionnels agricoles de la r\u00e9gion F\u00e8s-Mekn\u00e8s, les acquis de la recherche agronomique en mati\u00e8re de cartes de vocation des terres, de cartes de fertilit\u00e9 des sols et de normes de fertilisation des cultures, et ce pour une meilleure valorisation des r\u00e9sultats de ces travaux au service de la promotion des actions de d\u00e9veloppement agricoles de notre r\u00e9gion.<\/p>\n<p>Les travaux de cette journ\u00e9e se sont d\u00e9clin\u00e9s en deux sessions dont la premi\u00e8re a \u00e9t\u00e9 d\u00e9di\u00e9e \u00e0 la pr\u00e9sentation des r\u00e9sultats du grand programme engag\u00e9 par l\u2019INRA depuis une dizaine d\u2019ann\u00e9e relatif \u00e0 l\u2019\u00e9tablissement des cartes de vocation agricole de terres. <!--more-->Cet important outil d\u2019aide \u00e0 la d\u00e9cision a \u00e9t\u00e9 adopt\u00e9 en accompagnement de la mise en \u0153uvre du Plan Maroc Vert. Il facilite en effet une <a href=\"http:\/\/inrameknes.info\/wp-content\/uploads\/2019\/06\/Affiche.jpg\"><img loading=\"lazy\" decoding=\"async\" class=\"alignleft size-medium wp-image-2717\" src=\"http:\/\/inrameknes.info\/wp-content\/uploads\/2019\/06\/Affiche-224x300.jpg\" alt=\"\" width=\"224\" height=\"300\" srcset=\"https:\/\/inrameknes.info\/wp-content\/uploads\/2019\/06\/Affiche-224x300.jpg 224w, https:\/\/inrameknes.info\/wp-content\/uploads\/2019\/06\/Affiche.jpg 600w\" sizes=\"auto, (max-width: 224px) 100vw, 224px\" \/><\/a>meilleure adaptation des itin\u00e9raires techniques aux exigences des cultures et une meilleure orientation des investissements ainsi qu\u2019une optimisation de l\u2019exploitation des ressources en terres et notamment prenant en compte les impacts du changement climatique.<\/p>\n<p>La deuxi\u00e8me session de la journ\u00e9e a \u00e9t\u00e9 consacr\u00e9e \u00e0 l\u2019autre outil d\u2019aide \u00e0 la d\u00e9cision en agriculture que repr\u00e9sentent les cartes de fertilit\u00e9 des sols cultiv\u00e9s au Maroc. Ce grand chantier investis par l\u2019INRA, l\u2019ENA Mekn\u00e8s et l\u2019IAV Hassan II sous l\u2019\u00e9gide du MAPMEFDR et en collaboration avec l\u2019OCP a abouti au d\u00e9veloppement de l\u2019application \u00ab Fertimap.ma \u00bb. Lors de cette session, il a \u00e9t\u00e9 aussi proc\u00e9d\u00e9 \u00e0 la pr\u00e9sentation des acquis de l\u2019INRA (CRRA Mekn\u00e8s) en mati\u00e8re de plusieurs travaux de recherche et de recherche-d\u00e9veloppement visant l\u2019\u00e9tablissement des normes de fertilisation des cultures des principales fili\u00e8res de la r\u00e9gion F\u00e8s-Mekn\u00e8s, \u00e0 savoir : olivier, pommier, prunier, bl\u00e9, f\u00e8ve, pomme de terre, colza\u2026etc.<\/p>\n<p><strong>Les conf\u00e9rencierEs :<\/strong><\/p>\n<div id=\"attachment_2730\" style=\"width: 249px\" class=\"wp-caption alignleft\"><a href=\"http:\/\/inrameknes.info\/wp-content\/uploads\/2019\/06\/Dr-Rachid-Merabet.png\"><img loading=\"lazy\" decoding=\"async\" aria-describedby=\"caption-attachment-2730\" class=\"size-medium wp-image-2730\" src=\"http:\/\/inrameknes.info\/wp-content\/uploads\/2019\/06\/Dr-Rachid-Merabet-239x300.png\" alt=\"Dr Rachid Merabet, DS INRA : &quot;Potentialit\u00e9s agro\u00e9cologiques des sols: Concepts, Syst\u00e8mes et Outils d \u00e9valuation et de Valorisation&quot;\" width=\"239\" height=\"300\" srcset=\"https:\/\/inrameknes.info\/wp-content\/uploads\/2019\/06\/Dr-Rachid-Merabet-239x300.png 239w, https:\/\/inrameknes.info\/wp-content\/uploads\/2019\/06\/Dr-Rachid-Merabet.png 600w\" sizes=\"auto, (max-width: 239px) 100vw, 239px\" \/><\/a><p id=\"caption-attachment-2730\" class=\"wp-caption-text\">Dr Rachid Merabet (DS INRA) : \u00ab\u00a0Potentialit\u00e9s agro\u00e9cologiques des sols: Concepts, Syst\u00e8mes et Outils d&rsquo;\u00e9valuation et de Valorisation\u00a0\u00bb<\/p><\/div>\n<div id=\"attachment_2732\" style=\"width: 255px\" class=\"wp-caption alignright\"><a href=\"http:\/\/inrameknes.info\/wp-content\/uploads\/2019\/06\/Dr-Hakim-Iaaich.png\"><img loading=\"lazy\" decoding=\"async\" aria-describedby=\"caption-attachment-2732\" class=\"size-medium wp-image-2732\" src=\"http:\/\/inrameknes.info\/wp-content\/uploads\/2019\/06\/Dr-Hakim-Iaaich-245x300.png\" alt=\"Dr Hakim Iaaich (CRRA Rabat) : &quot;Cartes de vocation agricole: outil d\u2019aide \u00e0 la d\u00e9cision pour la durabilit\u00e9 des syst\u00e8mes agricoles au Maroc&quot;\" width=\"245\" height=\"300\" srcset=\"https:\/\/inrameknes.info\/wp-content\/uploads\/2019\/06\/Dr-Hakim-Iaaich-245x300.png 245w, https:\/\/inrameknes.info\/wp-content\/uploads\/2019\/06\/Dr-Hakim-Iaaich.png 450w\" sizes=\"auto, (max-width: 245px) 100vw, 245px\" \/><\/a><p id=\"caption-attachment-2732\" class=\"wp-caption-text\">Dr Hakim Iaaich (CRRA Rabat) : \u00ab\u00a0Cartes de vocation agricole: outil d\u2019aide \u00e0 la d\u00e9cision pour la durabilit\u00e9 des syst\u00e8mes agricoles au Maroc\u00a0\u00bb<\/p><\/div>\n<p>&nbsp;<\/p>\n<p>&nbsp;<\/p>\n<p>&nbsp;<\/p>\n<p>&nbsp;<\/p>\n<p>&nbsp;<\/p>\n<p>&nbsp;<\/p>\n<p>&nbsp;<\/p>\n<p>&nbsp;<\/p>\n<p>&nbsp;<\/p>\n<div id=\"attachment_2734\" style=\"width: 250px\" class=\"wp-caption alignleft\"><a href=\"http:\/\/inrameknes.info\/wp-content\/uploads\/2019\/06\/Ir-Amal-Labaioui.png\"><img loading=\"lazy\" decoding=\"async\" aria-describedby=\"caption-attachment-2734\" class=\"wp-image-2734\" src=\"http:\/\/inrameknes.info\/wp-content\/uploads\/2019\/06\/Ir-Amal-Labaioui-232x300.png\" alt=\"Ir Amal Labaioui (CRRA Mekn\u00e8s) : &quot;L\u2019aptitude agricole des terres sous l\u2019impact du changement climatique dans la r\u00e9gion F\u00e8s-Mekn\u00e8s&quot;\" width=\"240\" height=\"310\" srcset=\"https:\/\/inrameknes.info\/wp-content\/uploads\/2019\/06\/Ir-Amal-Labaioui-232x300.png 232w, https:\/\/inrameknes.info\/wp-content\/uploads\/2019\/06\/Ir-Amal-Labaioui-792x1024.png 792w, https:\/\/inrameknes.info\/wp-content\/uploads\/2019\/06\/Ir-Amal-Labaioui.png 873w\" sizes=\"auto, (max-width: 240px) 100vw, 240px\" \/><\/a><p id=\"caption-attachment-2734\" class=\"wp-caption-text\">Ir Amal Labaioui (CRRA Mekn\u00e8s) : \u00ab\u00a0L\u2019aptitude agricole des terres sous l\u2019impact du changement climatique dans la r\u00e9gion F\u00e8s-Mekn\u00e8s\u00a0\u00bb<\/p><\/div>\n<div id=\"attachment_2737\" style=\"width: 250px\" class=\"wp-caption alignright\"><a href=\"http:\/\/inrameknes.info\/wp-content\/uploads\/2019\/06\/Dr-Karima-Bouhafa.png\"><img loading=\"lazy\" decoding=\"async\" aria-describedby=\"caption-attachment-2737\" class=\"wp-image-2737\" src=\"http:\/\/inrameknes.info\/wp-content\/uploads\/2019\/06\/Dr-Karima-Bouhafa-300x297.png\" alt=\"Dr Karima Bouhafa (CRRA Mekn\u00e8s) : &quot;Acquis de recherche en fertilisation des principales cultures de la r\u00e9gion F\u00e8s-Mekn\u00e8s&quot;\" width=\"240\" height=\"238\" srcset=\"https:\/\/inrameknes.info\/wp-content\/uploads\/2019\/06\/Dr-Karima-Bouhafa-300x297.png 300w, https:\/\/inrameknes.info\/wp-content\/uploads\/2019\/06\/Dr-Karima-Bouhafa-150x150.png 150w, https:\/\/inrameknes.info\/wp-content\/uploads\/2019\/06\/Dr-Karima-Bouhafa.png 450w\" sizes=\"auto, (max-width: 240px) 100vw, 240px\" \/><\/a><p id=\"caption-attachment-2737\" class=\"wp-caption-text\">Dr Karima Bouhafa (CRRA Mekn\u00e8s) : \u00ab\u00a0Acquis de recherche en fertilisation des principales cultures de la r\u00e9gion F\u00e8s-Mekn\u00e8s\u00a0\u00bb<\/p><\/div>\n<p>&nbsp;<\/p>\n<p>&nbsp;<\/p>\n<p>&nbsp;<\/p>\n<p>&nbsp;<\/p>\n<p>&nbsp;<\/p>\n<p>&nbsp;<\/p>\n<p>&nbsp;<\/p>\n<p>&nbsp;<\/p>\n<p>&nbsp;<\/p>\n<p>&nbsp;<\/p>\n<div id=\"attachment_2735\" style=\"width: 250px\" class=\"wp-caption alignleft\"><a href=\"http:\/\/inrameknes.info\/wp-content\/uploads\/2019\/06\/Dr-Rachid-Moussadek.png\"><img loading=\"lazy\" decoding=\"async\" aria-describedby=\"caption-attachment-2735\" class=\"wp-image-2735\" src=\"http:\/\/inrameknes.info\/wp-content\/uploads\/2019\/06\/Dr-Rachid-Moussadek-291x300.png\" alt=\"Dr Rachid Moussadek (DS INRA) : &quot;Cartographie de fertilit\u00e9 des sols au Maroc : acquis et perspectives dans le contexte d\u2019une agriculture intelligente face au climat&quot;\" width=\"240\" height=\"247\" srcset=\"https:\/\/inrameknes.info\/wp-content\/uploads\/2019\/06\/Dr-Rachid-Moussadek-291x300.png 291w, https:\/\/inrameknes.info\/wp-content\/uploads\/2019\/06\/Dr-Rachid-Moussadek.png 450w\" sizes=\"auto, (max-width: 240px) 100vw, 240px\" \/><\/a><p id=\"caption-attachment-2735\" class=\"wp-caption-text\">Dr Rachid Moussadek (DS INRA) : \u00ab\u00a0Cartographie de fertilit\u00e9 des sols au Maroc : acquis et perspectives dans le contexte d\u2019une agriculture intelligente face au climat\u00a0\u00bb<\/p><\/div>\n<p>&nbsp;<\/p>\n<p>&nbsp;<\/p>\n<p>&nbsp;<\/p>\n<p>&nbsp;<\/p>\n<p>&nbsp;<\/p>\n<p>&nbsp;<\/p>\n<p><a href=\"http:\/\/inrameknes.info\/wp-content\/uploads\/2019\/06\/D\u00e9pliant-et-programme.pdf\">Pr\u00e9sentation et programme de la journ\u00e9e<\/a><\/p>\n<p><a title=\"Couverture vid\u00e9o de la manifestation\" href=\"https:\/\/youtu.be\/kzs2ef-RYkQ\" target=\"_blank\">Vid\u00e9o de couverture de la journ\u00e9e<\/a><\/p>\n<p>&nbsp;<\/p>\n<p>&nbsp;<\/p>\n","protected":false},"excerpt":{"rendered":"<p>Le Centre R\u00e9gional de la Recherche Agronomique de Mekn\u00e8s a organis\u00e9 la journ\u00e9e : \u00ab Les cartes de vocation des terres et de fertilit\u00e9 des sols : des outils d\u2019aide \u00e0 la d\u00e9cision pour une agriculture durable face au changement &hellip; <a href=\"https:\/\/inrameknes.info\/?p=2715\">Continuer la lecture <span class=\"meta-nav\">&rarr;<\/span><\/a><\/p>\n","protected":false},"author":1,"featured_media":0,"comment_status":"closed","ping_status":"closed","sticky":false,"template":"","format":"standard","meta":{"footnotes":""},"categories":[100,82,606],"tags":[356,602,400,165,605,604,109,588,608,609,607,220,183,610,552,603,845],"class_list":["post-2715","post","type-post","status-publish","format-standard","hentry","category-fertilisation","category-seminaires","category-sol","tag-amal-labaioui","tag-annonce-seminaire","tag-bendidi","tag-bentaibi","tag-cartes-de-fertilite-des-sols","tag-cartes-de-vocation","tag-daoui","tag-faouzi-bekkaoui","tag-fertilisation-des-cultures","tag-iaaich","tag-journee","tag-kamel-hidane","tag-karima-bouhafa","tag-moussadek","tag-mrabet","tag-programme-seminaire","tag-razouk"],"_links":{"self":[{"href":"https:\/\/inrameknes.info\/index.php?rest_route=\/wp\/v2\/posts\/2715","targetHints":{"allow":["GET"]}}],"collection":[{"href":"https:\/\/inrameknes.info\/index.php?rest_route=\/wp\/v2\/posts"}],"about":[{"href":"https:\/\/inrameknes.info\/index.php?rest_route=\/wp\/v2\/types\/post"}],"author":[{"embeddable":true,"href":"https:\/\/inrameknes.info\/index.php?rest_route=\/wp\/v2\/users\/1"}],"replies":[{"embeddable":true,"href":"https:\/\/inrameknes.info\/index.php?rest_route=%2Fwp%2Fv2%2Fcomments&post=2715"}],"version-history":[{"count":24,"href":"https:\/\/inrameknes.info\/index.php?rest_route=\/wp\/v2\/posts\/2715\/revisions"}],"predecessor-version":[{"id":3119,"href":"https:\/\/inrameknes.info\/index.php?rest_route=\/wp\/v2\/posts\/2715\/revisions\/3119"}],"wp:attachment":[{"href":"https:\/\/inrameknes.info\/index.php?rest_route=%2Fwp%2Fv2%2Fmedia&parent=2715"}],"wp:term":[{"taxonomy":"category","embeddable":true,"href":"https:\/\/inrameknes.info\/index.php?rest_route=%2Fwp%2Fv2%2Fcategories&post=2715"},{"taxonomy":"post_tag","embeddable":true,"href":"https:\/\/inrameknes.info\/index.php?rest_route=%2Fwp%2Fv2%2Ftags&post=2715"}],"curies":[{"name":"wp","href":"https:\/\/api.w.org\/{rel}","templated":true}]}}