{"id":2615,"date":"2019-04-22T12:24:08","date_gmt":"2019-04-22T11:24:08","guid":{"rendered":"http:\/\/inrameknes.info\/?p=2615"},"modified":"2019-04-26T12:24:59","modified_gmt":"2019-04-26T11:24:59","slug":"jeunes-chercheurs-du-crra-meknes-aux-doctoriales","status":"publish","type":"post","link":"https:\/\/inrameknes.info\/?p=2615","title":{"rendered":"Jeunes chercheurs du CRRA Mekn\u00e8s aux doctoriales"},"content":{"rendered":"<div id=\"attachment_2112\" style=\"width: 160px\" class=\"wp-caption alignleft\"><a href=\"http:\/\/inrameknes.info\/wp-content\/uploads\/2018\/05\/Hssa\u00efni-Lahcen-Technicien-doctorant-URAPCRG-CRRA-Mekn\u00e8s.jpg\"><img loading=\"lazy\" decoding=\"async\" aria-describedby=\"caption-attachment-2112\" class=\"size-thumbnail wp-image-2112\" src=\"http:\/\/inrameknes.info\/wp-content\/uploads\/2018\/05\/Hssa\u00efni-Lahcen-Technicien-doctorant-URAPCRG-CRRA-Mekn\u00e8s-150x150.jpg\" alt=\"Hssa\u00efni Lahcen (URAPCRG - CRRA Mekn\u00e8s)\" width=\"150\" height=\"150\" \/><\/a><p id=\"caption-attachment-2112\" class=\"wp-caption-text\">Hssa\u00efni Lahcen (URAPCRG &#8211; CRRA Mekn\u00e8s)<\/p><\/div>\n<div id=\"attachment_1647\" style=\"width: 160px\" class=\"wp-caption alignleft\"><a href=\"http:\/\/inrameknes.info\/wp-content\/uploads\/2017\/05\/El-Houssain-Bouichou.jpg\"><img loading=\"lazy\" decoding=\"async\" aria-describedby=\"caption-attachment-1647\" class=\"size-thumbnail wp-image-1647\" src=\"http:\/\/inrameknes.info\/wp-content\/uploads\/2017\/05\/El-Houssain-Bouichou-150x150.jpg\" alt=\"El Houssain Bouichou (UR. APV)\" width=\"150\" height=\"150\" \/><\/a><p id=\"caption-attachment-1647\" class=\"wp-caption-text\">El Houssain Bouichou (UR. APV &#8211; CRRA Mekn\u00e8s)<\/p><\/div>\n<p>Deux doctorants du CRRA Mekn\u00e8s ont particip\u00e9 aux doctoriales organis\u00e9es en marge du SIAM, le le 18 avril 2019, par l\u2019Ecole doctorale de l\u2019IAV Hassan II\u00a0:<\/p>\n<p>&#8211; Mr Lahcen Hssa\u00efni (technicien de recherche, URAPCRG \u2013 CRRA Mekn\u00e8s)\u00a0a donn\u00e9 une communication orale intitul\u00e9e \u00ab\u00a0<a href=\"http:\/\/inrameknes.info\/wp-content\/uploads\/2019\/04\/Abstract-Hssaini.pdf\" target=\"_blank\">Primary and secondary metabolites screening in fig collection<\/a>\u00a0\u00bb. Il a \u00e9t\u00e9 aussi coauteur d\u2019une communication affich\u00e9e au sujet de \u00ab\u00a0Etude de l\u2019effet des conditions de stockage sur les propri\u00e9t\u00e9s biochimiques des cerises transform\u00e9es\u00a0\u00bb.<\/p>\n<p>Mr El Houssaine Bouichou (technicien de recherche, URAPV \u2013 CRRA Mekn\u00e8s) a donn\u00e9 la communication orale \u00ab <a href=\"http:\/\/inrameknes.info\/wp-content\/uploads\/2019\/04\/R\u00e9sum\u00e9-Bouichou.pdf\" target=\"_blank\">L\u2019entrepreneuriat des jeunes ruraux dipl\u00f4m\u00e9s : motivations et obstacles <\/a>\u00bb co-sign\u00e9e avec N. Bahri et A. Benta\u00efbi. Mr Bouichou a aussi remport\u00e9 le prix du 2\u00e8me meilleure poster de l&rsquo;\u00e9v\u00e8nement avec la communication affich\u00e9e intitul\u00e9e \u00ab Vertical coordination : transaction costs framework in Agricultural Aggregation Project \u00bb, comme il a co-sign\u00e9 les deux autres publications affich\u00e9es : \u00ab Rural Entrepreneurship: the case of young graduates in Morocco \u00bb et \u00ab Contract farming and aggregation system for the development of Morocco\u2019s cereal sector : a case study the contractual clauses \u00bb.<\/p>\n","protected":false},"excerpt":{"rendered":"<p>Deux doctorants du CRRA Mekn\u00e8s ont particip\u00e9 aux doctoriales organis\u00e9es en marge du SIAM, le le 18 avril 2019, par l\u2019Ecole doctorale de l\u2019IAV Hassan II\u00a0: &#8211; Mr Lahcen Hssa\u00efni (technicien de recherche, URAPCRG \u2013 CRRA Mekn\u00e8s)\u00a0a donn\u00e9 une communication &hellip; <a href=\"https:\/\/inrameknes.info\/?p=2615\">Continuer la lecture <span class=\"meta-nav\">&rarr;<\/span><\/a><\/p>\n","protected":false},"author":1,"featured_media":0,"comment_status":"closed","ping_status":"closed","sticky":false,"template":"","format":"standard","meta":{"footnotes":""},"categories":[9,82],"tags":[589,591,37,25,590],"class_list":["post-2615","post","type-post","status-publish","format-standard","hentry","category-publications","category-seminaires","tag-doctoriales","tag-emploi-agricole","tag-figuier","tag-jeunes-ruraux","tag-siam-2019"],"_links":{"self":[{"href":"https:\/\/inrameknes.info\/index.php?rest_route=\/wp\/v2\/posts\/2615","targetHints":{"allow":["GET"]}}],"collection":[{"href":"https:\/\/inrameknes.info\/index.php?rest_route=\/wp\/v2\/posts"}],"about":[{"href":"https:\/\/inrameknes.info\/index.php?rest_route=\/wp\/v2\/types\/post"}],"author":[{"embeddable":true,"href":"https:\/\/inrameknes.info\/index.php?rest_route=\/wp\/v2\/users\/1"}],"replies":[{"embeddable":true,"href":"https:\/\/inrameknes.info\/index.php?rest_route=%2Fwp%2Fv2%2Fcomments&post=2615"}],"version-history":[{"count":6,"href":"https:\/\/inrameknes.info\/index.php?rest_route=\/wp\/v2\/posts\/2615\/revisions"}],"predecessor-version":[{"id":2623,"href":"https:\/\/inrameknes.info\/index.php?rest_route=\/wp\/v2\/posts\/2615\/revisions\/2623"}],"wp:attachment":[{"href":"https:\/\/inrameknes.info\/index.php?rest_route=%2Fwp%2Fv2%2Fmedia&parent=2615"}],"wp:term":[{"taxonomy":"category","embeddable":true,"href":"https:\/\/inrameknes.info\/index.php?rest_route=%2Fwp%2Fv2%2Fcategories&post=2615"},{"taxonomy":"post_tag","embeddable":true,"href":"https:\/\/inrameknes.info\/index.php?rest_route=%2Fwp%2Fv2%2Ftags&post=2615"}],"curies":[{"name":"wp","href":"https:\/\/api.w.org\/{rel}","templated":true}]}}