{"id":2583,"date":"2019-04-04T16:37:59","date_gmt":"2019-04-04T15:37:59","guid":{"rendered":"http:\/\/inrameknes.info\/?p=2583"},"modified":"2019-04-04T16:39:29","modified_gmt":"2019-04-04T15:39:29","slug":"des-agroindustriels-et-des-professionnels-francais-de-lagriculture-visitent-les-laboratoires-inra-au-sein-du-qualipole-de-mek","status":"publish","type":"post","link":"https:\/\/inrameknes.info\/?p=2583","title":{"rendered":"Des agroindustriels et des professionnels fran\u00e7ais de l&rsquo;agriculture visitent les laboratoires INRA au sein du Qualipole de Mekn\u00e8s"},"content":{"rendered":"<div id=\"attachment_2584\" style=\"width: 610px\" class=\"wp-caption aligncenter\"><a href=\"http:\/\/inrameknes.info\/wp-content\/uploads\/2019\/04\/Photo-de-groupe.jpg\"><img loading=\"lazy\" decoding=\"async\" aria-describedby=\"caption-attachment-2584\" class=\"size-full wp-image-2584\" src=\"http:\/\/inrameknes.info\/wp-content\/uploads\/2019\/04\/Photo-de-groupe.jpg\" alt=\"Des agroindustriels et des professionnels fran\u00e7ais de l'agriculture en visite au Qualipole Alimentation de Mekn\u00e8s, 04 avril 2019\" width=\"600\" height=\"303\" srcset=\"https:\/\/inrameknes.info\/wp-content\/uploads\/2019\/04\/Photo-de-groupe.jpg 600w, https:\/\/inrameknes.info\/wp-content\/uploads\/2019\/04\/Photo-de-groupe-300x151.jpg 300w\" sizes=\"auto, (max-width: 600px) 100vw, 600px\" \/><\/a><p id=\"caption-attachment-2584\" class=\"wp-caption-text\">Des agroindustriels et des professionnels fran\u00e7ais de l&rsquo;agriculture en visite au Qualipole Alimentation de Mekn\u00e8s, 04 avril 2019<\/p><\/div>\n<p>Dans le cadre de sa visite au Maroc, organis\u00e9e par le <a href=\"http:\/\/www.agriculture.gov.ma\/\" target=\"_blank\">Minist\u00e8re de l\u2019Agriculture, de la P\u00eache Maritime, du D\u00e9veloppement Rural et des Eaux et For\u00eats<\/a>, un groupe d&rsquo;agroindustriels et de professionnels fran\u00e7ais de l&rsquo;agriculture a visit\u00e9 ce jeudi 04 avril 2019 les laboratoires de l&rsquo;INRA (CRRA Mekn\u00e8s) au sein du Qualipole Alimentation de Mekn\u00e8s.<\/p>\n<p>Avant d&rsquo;entamer la tourn\u00e9e au sein des locaux et services du Qualipole, les visiteurs ont d&rsquo;abord suivi une conf\u00e9rence anim\u00e9e par Pr Mohammed Sadiki, Secr\u00e9taire G\u00e9n\u00e9ral du D\u00e9partement de l\u2019Agriculture, au sujet des r\u00e9alisations et acquis de l&rsquo;agriculture marocaine dans le cadre du Plan Maroc Vert.<\/p>\n","protected":false},"excerpt":{"rendered":"<p>Dans le cadre de sa visite au Maroc, organis\u00e9e par le Minist\u00e8re de l\u2019Agriculture, de la P\u00eache Maritime, du D\u00e9veloppement Rural et des Eaux et For\u00eats, un groupe d&rsquo;agroindustriels et de professionnels fran\u00e7ais de l&rsquo;agriculture a visit\u00e9 ce jeudi 04 &hellip; <a href=\"https:\/\/inrameknes.info\/?p=2583\">Continuer la lecture <span class=\"meta-nav\">&rarr;<\/span><\/a><\/p>\n","protected":false},"author":1,"featured_media":0,"comment_status":"closed","ping_status":"closed","sticky":false,"template":"","format":"standard","meta":{"footnotes":""},"categories":[116],"tags":[141,287,839],"class_list":["post-2583","post","type-post","status-publish","format-standard","hentry","category-visite","tag-france","tag-qualipole","tag-visite"],"_links":{"self":[{"href":"https:\/\/inrameknes.info\/index.php?rest_route=\/wp\/v2\/posts\/2583","targetHints":{"allow":["GET"]}}],"collection":[{"href":"https:\/\/inrameknes.info\/index.php?rest_route=\/wp\/v2\/posts"}],"about":[{"href":"https:\/\/inrameknes.info\/index.php?rest_route=\/wp\/v2\/types\/post"}],"author":[{"embeddable":true,"href":"https:\/\/inrameknes.info\/index.php?rest_route=\/wp\/v2\/users\/1"}],"replies":[{"embeddable":true,"href":"https:\/\/inrameknes.info\/index.php?rest_route=%2Fwp%2Fv2%2Fcomments&post=2583"}],"version-history":[{"count":3,"href":"https:\/\/inrameknes.info\/index.php?rest_route=\/wp\/v2\/posts\/2583\/revisions"}],"predecessor-version":[{"id":2587,"href":"https:\/\/inrameknes.info\/index.php?rest_route=\/wp\/v2\/posts\/2583\/revisions\/2587"}],"wp:attachment":[{"href":"https:\/\/inrameknes.info\/index.php?rest_route=%2Fwp%2Fv2%2Fmedia&parent=2583"}],"wp:term":[{"taxonomy":"category","embeddable":true,"href":"https:\/\/inrameknes.info\/index.php?rest_route=%2Fwp%2Fv2%2Fcategories&post=2583"},{"taxonomy":"post_tag","embeddable":true,"href":"https:\/\/inrameknes.info\/index.php?rest_route=%2Fwp%2Fv2%2Ftags&post=2583"}],"curies":[{"name":"wp","href":"https:\/\/api.w.org\/{rel}","templated":true}]}}