{"id":1607,"date":"2017-04-02T12:19:45","date_gmt":"2017-04-02T11:19:45","guid":{"rendered":"http:\/\/inrameknes.info\/?p=1607"},"modified":"2017-05-18T12:34:15","modified_gmt":"2017-05-18T11:34:15","slug":"stage-de-formation-detudiantes-de-lecole-nationale-dagriculture-de-meknes","status":"publish","type":"post","link":"https:\/\/inrameknes.info\/?p=1607","title":{"rendered":"Stage de formation d&rsquo;\u00e9tudiantEs de l&rsquo;Ecole Nationale d&rsquo;Agriculture de Mekn\u00e8s"},"content":{"rendered":"<div id=\"attachment_1608\" style=\"width: 610px\" class=\"wp-caption alignleft\"><a href=\"http:\/\/inrameknes.info\/wp-content\/uploads\/2017\/05\/Des-\u00e9tudiantEs-de-lENA-Mekn\u00e8s-suivant-un-s\u00e9minaire-au-CRRA-Mekn\u00e8s.jpg\"><img loading=\"lazy\" decoding=\"async\" aria-describedby=\"caption-attachment-1608\" class=\"wp-image-1608 size-full\" src=\"http:\/\/inrameknes.info\/wp-content\/uploads\/2017\/05\/Des-\u00e9tudiantEs-de-lENA-Mekn\u00e8s-suivant-un-s\u00e9minaire-au-CRRA-Mekn\u00e8s.jpg\" alt=\"Des \u00e9tudiantEs de l'ENA Mekn\u00e8s suivant un s\u00e9minaire au CRRA Mekn\u00e8s le 05 mai 2017\" width=\"600\" height=\"215\" srcset=\"https:\/\/inrameknes.info\/wp-content\/uploads\/2017\/05\/Des-\u00e9tudiantEs-de-lENA-Mekn\u00e8s-suivant-un-s\u00e9minaire-au-CRRA-Mekn\u00e8s.jpg 600w, https:\/\/inrameknes.info\/wp-content\/uploads\/2017\/05\/Des-\u00e9tudiantEs-de-lENA-Mekn\u00e8s-suivant-un-s\u00e9minaire-au-CRRA-Mekn\u00e8s-300x107.jpg 300w\" sizes=\"auto, (max-width: 600px) 100vw, 600px\" \/><\/a><p id=\"caption-attachment-1608\" class=\"wp-caption-text\">Des \u00e9tudiantEs de l&rsquo;ENA Mekn\u00e8s suivant un s\u00e9minaire au CRRA Mekn\u00e8s le 05 mai 2017<\/p><\/div>\n<p>Un groupe d\u2019\u00e9tudiantEs de la deuxi\u00e8me ann\u00e9e de l\u2019ENA Mekn\u00e8s a rendu visite, vendredi 05 mai 2017, au CRRA Mekn\u00e8s pour une pr\u00e9sentation des travaux de recherche entrepris par l\u2019INRA sur les c\u00e9r\u00e9ales. Le groupe a suivi un s\u00e9minaire anim\u00e9 par Dr Moha Ferrahi (URAPCRG) et Dr Abderrazak Bendidi (URAPV) suivi par une visite des essais de recherche et de\u00a0RD\u00a0install\u00e9s au domaine Exp\u00e9rimental de Douyet.<\/p>\n<p>Un deuxi\u00e8me groupe de la m\u00eame promotion, int\u00e9ress\u00e9 par les recherches INRA relatives \u00e0 l\u2019arboriculture fruiti\u00e8re a \u00e9t\u00e9 encadr\u00e9 par Mr Ali Mamouni (SRD) qui a invit\u00e9 les \u00e9tudiants, ce m\u00eame jour, \u00e0 une visite comment\u00e9e au Domaine Exp\u00e9rimental de A\u00efn Taoujdate.<\/p>\n<p>Cette m\u00eame station a le 04 mai 2017 la visite d\u2019un troisi\u00e8me groupe de la m\u00eame \u00e9cole d\u2019ing\u00e9nieurs agronomes (ENA Mekn\u00e8s, 2\u00e8me ann\u00e9e) o\u00f9 les \u00e9tudiantEs ont re\u00e7u les explications n\u00e9cessaires au sujet des recherches men\u00e9es par l\u2019INRA en mati\u00e8re d\u2019ol\u00e9iculture. Les pr\u00e9sentations ont \u00e9t\u00e9 assur\u00e9es par Mme Amal Hadiddou, Dr Jamal Charafi, Mr Hakim Outghouliast et Mr Abderrahmane Mekkaoui (URAPRCG) ainsi que par Dr Rachid Razouk (URAPV).<\/p>\n<p>Les trois visites s\u2019inscrivent dans le cadre d\u2019un stage de formation intitul\u00e9 \u00ab Connaissance des fili\u00e8res agricoles \u00bb \u00e9tal\u00e9 sur deux semaines durant lesquelles les \u00e9tudiants ont eu droit \u00e0 un programme de visites et d\u2019entretiens avec diff\u00e9rents acteurs concern\u00e9s.<\/p>\n","protected":false},"excerpt":{"rendered":"<p>Un groupe d\u2019\u00e9tudiantEs de la deuxi\u00e8me ann\u00e9e de l\u2019ENA Mekn\u00e8s a rendu visite, vendredi 05 mai 2017, au CRRA Mekn\u00e8s pour une pr\u00e9sentation des travaux de recherche entrepris par l\u2019INRA sur les c\u00e9r\u00e9ales. Le groupe a suivi un s\u00e9minaire anim\u00e9 &hellip; <a href=\"https:\/\/inrameknes.info\/?p=1607\">Continuer la lecture <span class=\"meta-nav\">&rarr;<\/span><\/a><\/p>\n","protected":false},"author":1,"featured_media":0,"comment_status":"closed","ping_status":"closed","sticky":false,"template":"","format":"standard","meta":{"footnotes":""},"categories":[11,116],"tags":[836,53,62,117,173,835,429,370,839],"class_list":["post-1607","post","type-post","status-publish","format-standard","hentry","category-actualites","category-visite","tag-arboriculture-fruitiere","tag-cereales","tag-ena-meknes","tag-etudiants","tag-formation","tag-olivier","tag-seminaire","tag-stage","tag-visite"],"_links":{"self":[{"href":"https:\/\/inrameknes.info\/index.php?rest_route=\/wp\/v2\/posts\/1607","targetHints":{"allow":["GET"]}}],"collection":[{"href":"https:\/\/inrameknes.info\/index.php?rest_route=\/wp\/v2\/posts"}],"about":[{"href":"https:\/\/inrameknes.info\/index.php?rest_route=\/wp\/v2\/types\/post"}],"author":[{"embeddable":true,"href":"https:\/\/inrameknes.info\/index.php?rest_route=\/wp\/v2\/users\/1"}],"replies":[{"embeddable":true,"href":"https:\/\/inrameknes.info\/index.php?rest_route=%2Fwp%2Fv2%2Fcomments&post=1607"}],"version-history":[{"count":2,"href":"https:\/\/inrameknes.info\/index.php?rest_route=\/wp\/v2\/posts\/1607\/revisions"}],"predecessor-version":[{"id":1610,"href":"https:\/\/inrameknes.info\/index.php?rest_route=\/wp\/v2\/posts\/1607\/revisions\/1610"}],"wp:attachment":[{"href":"https:\/\/inrameknes.info\/index.php?rest_route=%2Fwp%2Fv2%2Fmedia&parent=1607"}],"wp:term":[{"taxonomy":"category","embeddable":true,"href":"https:\/\/inrameknes.info\/index.php?rest_route=%2Fwp%2Fv2%2Fcategories&post=1607"},{"taxonomy":"post_tag","embeddable":true,"href":"https:\/\/inrameknes.info\/index.php?rest_route=%2Fwp%2Fv2%2Ftags&post=1607"}],"curies":[{"name":"wp","href":"https:\/\/api.w.org\/{rel}","templated":true}]}}