{"id":1418,"date":"2016-12-05T11:39:53","date_gmt":"2016-12-05T10:39:53","guid":{"rendered":"http:\/\/inrameknes.info\/?p=1418"},"modified":"2017-02-13T16:39:27","modified_gmt":"2017-02-13T15:39:27","slug":"article-effet-de-la-secheresse-et-du-stress-salin-sur-la-germination-et-la-croissance-de-jeunes-plantules-de-semences-de-sesame-de-differentes-couleurs","status":"publish","type":"post","link":"https:\/\/inrameknes.info\/?p=1418","title":{"rendered":"Article scientifique : Effet de la s\u00e9cheresse et du stress salin sur la germination et   la croissance de jeunes plantules de semences de s\u00e9same de diff\u00e9rentes couleurs"},"content":{"rendered":"<p><strong><a href=\"http:\/\/www.fspublishers.org\" target=\"_blank\"><img loading=\"lazy\" decoding=\"async\" class=\"alignleft size-thumbnail wp-image-1409\" src=\"http:\/\/inrameknes.info\/wp-content\/uploads\/2016\/11\/INTERNATIONAL-JOURNAL-OF-AGRICULTURE-BIOLOGY-150x140.jpg\" alt=\"\" width=\"150\" height=\"140\" \/><\/a>Intitul\u00e9<\/strong> : Effect of Drought and Salt Stresses on Germination and Early Seedling Growth of Different Color-seeds of Sesame (Sesamum indicum)<\/p>\n<p>(<strong>Fr<\/strong> : Effet de la s\u00e9cheresse et du stress salin sur la germination et la croissance de jeunes plantules de semences de s\u00e9same de diff\u00e9rentes couleurs )<\/p>\n<p><strong>Auteurs<\/strong> : M. El Harfi (1, 2), H. Hanine (1), H. Rizki (1), H. Latrache (1) et <a href=\"http:\/\/inrameknes.info\/?page_id=151\" target=\"_blank\">A. Nabloussi<\/a> (2)<br \/>\n(1) FST Beni Mellal<br \/>\n(2) INRA Mekn\u00e8s<\/p>\n<p><strong>Journal<\/strong> : <a href=\"http:\/\/www.fspublishers.org\" target=\"_blank\">INTERNATIONAL JOURNAL OF AGRICULTURE &amp; BIOLOGY<\/a>, 15\u2013770\/2016\/18\u20136\u2013888\u2013894<\/p>\n<p><a href=\"http:\/\/www.fspublishers.org\/published_papers\/21477_..pdf\" target=\"_blank\"><strong>Lire l\u2019article en pdf<\/strong><\/a><\/p>\n","protected":false},"excerpt":{"rendered":"<p>Intitul\u00e9 : Effect of Drought and Salt Stresses on Germination and Early Seedling Growth of Different Color-seeds of Sesame (Sesamum indicum) (Fr : Effet de la s\u00e9cheresse et du stress salin sur la germination et la croissance de jeunes plantules &hellip; <a href=\"https:\/\/inrameknes.info\/?p=1418\">Continuer la lecture <span class=\"meta-nav\">&rarr;<\/span><\/a><\/p>\n","protected":false},"author":1,"featured_media":0,"comment_status":"closed","ping_status":"closed","sticky":false,"template":"","format":"standard","meta":{"footnotes":""},"categories":[85],"tags":[54,73,146,398,167,399,163],"class_list":["post-1418","post","type-post","status-publish","format-standard","hentry","category-articles-scientifiques","tag-amelioration-genetique","tag-article-scientifique","tag-nabloussi","tag-secheresse","tag-sesame","tag-stress-salin","tag-urapcrg"],"_links":{"self":[{"href":"https:\/\/inrameknes.info\/index.php?rest_route=\/wp\/v2\/posts\/1418","targetHints":{"allow":["GET"]}}],"collection":[{"href":"https:\/\/inrameknes.info\/index.php?rest_route=\/wp\/v2\/posts"}],"about":[{"href":"https:\/\/inrameknes.info\/index.php?rest_route=\/wp\/v2\/types\/post"}],"author":[{"embeddable":true,"href":"https:\/\/inrameknes.info\/index.php?rest_route=\/wp\/v2\/users\/1"}],"replies":[{"embeddable":true,"href":"https:\/\/inrameknes.info\/index.php?rest_route=%2Fwp%2Fv2%2Fcomments&post=1418"}],"version-history":[{"count":2,"href":"https:\/\/inrameknes.info\/index.php?rest_route=\/wp\/v2\/posts\/1418\/revisions"}],"predecessor-version":[{"id":1508,"href":"https:\/\/inrameknes.info\/index.php?rest_route=\/wp\/v2\/posts\/1418\/revisions\/1508"}],"wp:attachment":[{"href":"https:\/\/inrameknes.info\/index.php?rest_route=%2Fwp%2Fv2%2Fmedia&parent=1418"}],"wp:term":[{"taxonomy":"category","embeddable":true,"href":"https:\/\/inrameknes.info\/index.php?rest_route=%2Fwp%2Fv2%2Fcategories&post=1418"},{"taxonomy":"post_tag","embeddable":true,"href":"https:\/\/inrameknes.info\/index.php?rest_route=%2Fwp%2Fv2%2Ftags&post=1418"}],"curies":[{"name":"wp","href":"https:\/\/api.w.org\/{rel}","templated":true}]}}