{"id":1231,"date":"2016-05-11T11:21:24","date_gmt":"2016-05-11T10:21:24","guid":{"rendered":"http:\/\/inrameknes.info\/?p=1231"},"modified":"2016-06-30T16:02:15","modified_gmt":"2016-06-30T15:02:15","slug":"des-etudiantes-de-liav-hassan-ii-visitent-le-crra-meknes","status":"publish","type":"post","link":"https:\/\/inrameknes.info\/?p=1231","title":{"rendered":"Des \u00e9tudiantEs de l&rsquo;IAV Hassan II visitent le CRRA Mekn\u00e8s"},"content":{"rendered":"<div id=\"attachment_1232\" style=\"width: 310px\" class=\"wp-caption alignleft\"><a href=\"http:\/\/inrameknes.info\/wp-content\/uploads\/2016\/05\/EtudiantEs-de-lIAV-Hassan-II-en-visite-au-CRRA-Mekn\u00e8s-10-mai-2016.jpg\"><img loading=\"lazy\" decoding=\"async\" aria-describedby=\"caption-attachment-1232\" class=\"wp-image-1232 size-medium\" src=\"http:\/\/inrameknes.info\/wp-content\/uploads\/2016\/05\/EtudiantEs-de-lIAV-Hassan-II-en-visite-au-CRRA-Mekn\u00e8s-10-mai-2016-300x147.jpg\" alt=\"EtudiantEs de l'IAV Hassan II en visite au CRRA Mekn\u00e8s, 10 mai 2016\" width=\"300\" height=\"147\" srcset=\"https:\/\/inrameknes.info\/wp-content\/uploads\/2016\/05\/EtudiantEs-de-lIAV-Hassan-II-en-visite-au-CRRA-Mekn\u00e8s-10-mai-2016-300x147.jpg 300w, https:\/\/inrameknes.info\/wp-content\/uploads\/2016\/05\/EtudiantEs-de-lIAV-Hassan-II-en-visite-au-CRRA-Mekn\u00e8s-10-mai-2016.jpg 600w\" sizes=\"auto, (max-width: 300px) 100vw, 300px\" \/><\/a><p id=\"caption-attachment-1232\" class=\"wp-caption-text\">EtudiantEs de l&rsquo;IAV Hassan II en visite au CRRA Mekn\u00e8s, 10 mai 2016<\/p><\/div>\n<p>90 \u00e9tudiantEs de la 1\u00e8re ann\u00e9e du cycle d&rsquo;Ing\u00e9nieur Agronome de l&rsquo;<a href=\"www.iav.ac.ma\/\" target=\"_blank\">IAV Hassan II <\/a>ont \u00e9t\u00e9 accueilliEs en visite au CRRA Mekn\u00e8s le 10 mai 2016. Mr Ali Mamouni, Chef du SRD-CRRA Mekn\u00e8s leur a donn\u00e9 une pr\u00e9sentation au sujet des activit\u00e9s de recherche et de recherche-d\u00e9veloppement de l&rsquo;INRA en g\u00e9n\u00e9ral et du Centre R\u00e9gional de Mekn\u00e8s en particulier. Un focus a \u00e9t\u00e9 op\u00e9r\u00e9 autour des recherches sur l&rsquo;arboriculture fruiti\u00e8re pour cibler le besoin de la visite intervenant dans le cadre du cours \u00ab\u00a0Arboriculture Fruiti\u00e8re\u00a0\u00bb sous encadrement du Pr Abdelaziz Ezzahouani.<\/p>\n","protected":false},"excerpt":{"rendered":"<p>90 \u00e9tudiantEs de la 1\u00e8re ann\u00e9e du cycle d&rsquo;Ing\u00e9nieur Agronome de l&rsquo;IAV Hassan II ont \u00e9t\u00e9 accueilliEs en visite au CRRA Mekn\u00e8s le 10 mai 2016. Mr Ali Mamouni, Chef du SRD-CRRA Mekn\u00e8s leur a donn\u00e9 une pr\u00e9sentation au sujet &hellip; <a href=\"https:\/\/inrameknes.info\/?p=1231\">Continuer la lecture <span class=\"meta-nav\">&rarr;<\/span><\/a><\/p>\n","protected":false},"author":1,"featured_media":0,"comment_status":"closed","ping_status":"closed","sticky":false,"template":"","format":"standard","meta":{"footnotes":""},"categories":[116],"tags":[836,117,15,46,198,839],"class_list":["post-1231","post","type-post","status-publish","format-standard","hentry","category-visite","tag-arboriculture-fruitiere","tag-etudiants","tag-iav-hassan-ii","tag-mamouni","tag-srd","tag-visite"],"_links":{"self":[{"href":"https:\/\/inrameknes.info\/index.php?rest_route=\/wp\/v2\/posts\/1231","targetHints":{"allow":["GET"]}}],"collection":[{"href":"https:\/\/inrameknes.info\/index.php?rest_route=\/wp\/v2\/posts"}],"about":[{"href":"https:\/\/inrameknes.info\/index.php?rest_route=\/wp\/v2\/types\/post"}],"author":[{"embeddable":true,"href":"https:\/\/inrameknes.info\/index.php?rest_route=\/wp\/v2\/users\/1"}],"replies":[{"embeddable":true,"href":"https:\/\/inrameknes.info\/index.php?rest_route=%2Fwp%2Fv2%2Fcomments&post=1231"}],"version-history":[{"count":3,"href":"https:\/\/inrameknes.info\/index.php?rest_route=\/wp\/v2\/posts\/1231\/revisions"}],"predecessor-version":[{"id":1306,"href":"https:\/\/inrameknes.info\/index.php?rest_route=\/wp\/v2\/posts\/1231\/revisions\/1306"}],"wp:attachment":[{"href":"https:\/\/inrameknes.info\/index.php?rest_route=%2Fwp%2Fv2%2Fmedia&parent=1231"}],"wp:term":[{"taxonomy":"category","embeddable":true,"href":"https:\/\/inrameknes.info\/index.php?rest_route=%2Fwp%2Fv2%2Fcategories&post=1231"},{"taxonomy":"post_tag","embeddable":true,"href":"https:\/\/inrameknes.info\/index.php?rest_route=%2Fwp%2Fv2%2Ftags&post=1231"}],"curies":[{"name":"wp","href":"https:\/\/api.w.org\/{rel}","templated":true}]}}