{"id":1209,"date":"2016-05-16T15:00:21","date_gmt":"2016-05-16T14:00:21","guid":{"rendered":"http:\/\/inrameknes.info\/?p=1209"},"modified":"2016-06-30T16:01:12","modified_gmt":"2016-06-30T15:01:12","slug":"des-ecoliers-en-visite-au-crra-meknes","status":"publish","type":"post","link":"https:\/\/inrameknes.info\/?p=1209","title":{"rendered":"Des \u00e9coliers en visite au CRRA Mekn\u00e8s"},"content":{"rendered":"<div id=\"attachment_1210\" style=\"width: 310px\" class=\"wp-caption alignleft\"><a href=\"http:\/\/inrameknes.info\/wp-content\/uploads\/2016\/05\/El\u00e8ves-d\u00e9cole-primaire-en-visite-au-CRRA-Mekn\u00e8s-05-mai-2016.jpg\"><img loading=\"lazy\" decoding=\"async\" aria-describedby=\"caption-attachment-1210\" class=\"wp-image-1210 size-medium\" src=\"http:\/\/inrameknes.info\/wp-content\/uploads\/2016\/05\/El\u00e8ves-d\u00e9cole-primaire-en-visite-au-CRRA-Mekn\u00e8s-05-mai-2016-300x139.jpg\" alt=\"El\u00e8ves d'\u00e9cole primaire en visite au CRRA Mekn\u00e8s, 05 mai 2016\" width=\"300\" height=\"139\" \/><\/a><p id=\"caption-attachment-1210\" class=\"wp-caption-text\">El\u00e8ves d&rsquo;\u00e9cole primaire en visite au CRRA Mekn\u00e8s, 05 mai 2016<\/p><\/div>\n<p>Une quarantaine d\u2019\u00e9l\u00e8ves d\u2019une \u00e9cole primaire ont c\u00e9l\u00e9br\u00e9 la Journ\u00e9e mondiale de l\u2019environnement en r\u00e9alisant une visite de toute une journ\u00e9e au CRRA Mekn\u00e8s, jeudi 05 mai 2016. Apr\u00e8s une s\u00e9ance en salle de questions\/r\u00e9ponses au sujet de la recherche agronomique, les \u00e9l\u00e8ves ont \u00e9t\u00e9 re\u00e7us dans les diff\u00e9rents laboratoires de recherche du Centre o\u00f9 ils\/elles ont re\u00e7ues des explications simplifi\u00e9es de la part de chercheurs et techniciens.<\/p>\n<p>Les petitEs visiteurSEs se sont par la suite livr\u00e9Es au plaisir de planter des plants mis \u00e0 leur disposition en l\u2019occasion sous encadrement du personnel du Centre et supervision de Mr Mohamed Alghoum, technicien de recherche \u00e0 l\u2019URAPV.<\/p>\n","protected":false},"excerpt":{"rendered":"<p>Une quarantaine d\u2019\u00e9l\u00e8ves d\u2019une \u00e9cole primaire ont c\u00e9l\u00e9br\u00e9 la Journ\u00e9e mondiale de l\u2019environnement en r\u00e9alisant une visite de toute une journ\u00e9e au CRRA Mekn\u00e8s, jeudi 05 mai 2016. Apr\u00e8s une s\u00e9ance en salle de questions\/r\u00e9ponses au sujet de la recherche &hellip; <a href=\"https:\/\/inrameknes.info\/?p=1209\">Continuer la lecture <span class=\"meta-nav\">&rarr;<\/span><\/a><\/p>\n","protected":false},"author":1,"featured_media":0,"comment_status":"closed","ping_status":"closed","sticky":false,"template":"","format":"standard","meta":{"footnotes":""},"categories":[11,115,116],"tags":[347,348,839],"class_list":["post-1209","post","type-post","status-publish","format-standard","hentry","category-actualites","category-social","category-visite","tag-ecole","tag-journee-mondiale-de-lenvironnement","tag-visite"],"_links":{"self":[{"href":"https:\/\/inrameknes.info\/index.php?rest_route=\/wp\/v2\/posts\/1209","targetHints":{"allow":["GET"]}}],"collection":[{"href":"https:\/\/inrameknes.info\/index.php?rest_route=\/wp\/v2\/posts"}],"about":[{"href":"https:\/\/inrameknes.info\/index.php?rest_route=\/wp\/v2\/types\/post"}],"author":[{"embeddable":true,"href":"https:\/\/inrameknes.info\/index.php?rest_route=\/wp\/v2\/users\/1"}],"replies":[{"embeddable":true,"href":"https:\/\/inrameknes.info\/index.php?rest_route=%2Fwp%2Fv2%2Fcomments&post=1209"}],"version-history":[{"count":3,"href":"https:\/\/inrameknes.info\/index.php?rest_route=\/wp\/v2\/posts\/1209\/revisions"}],"predecessor-version":[{"id":1304,"href":"https:\/\/inrameknes.info\/index.php?rest_route=\/wp\/v2\/posts\/1209\/revisions\/1304"}],"wp:attachment":[{"href":"https:\/\/inrameknes.info\/index.php?rest_route=%2Fwp%2Fv2%2Fmedia&parent=1209"}],"wp:term":[{"taxonomy":"category","embeddable":true,"href":"https:\/\/inrameknes.info\/index.php?rest_route=%2Fwp%2Fv2%2Fcategories&post=1209"},{"taxonomy":"post_tag","embeddable":true,"href":"https:\/\/inrameknes.info\/index.php?rest_route=%2Fwp%2Fv2%2Ftags&post=1209"}],"curies":[{"name":"wp","href":"https:\/\/api.w.org\/{rel}","templated":true}]}}