{"id":1018,"date":"2016-01-20T15:49:06","date_gmt":"2016-01-20T14:49:06","guid":{"rendered":"http:\/\/inrameknes.info\/?p=1018"},"modified":"2017-11-03T13:12:55","modified_gmt":"2017-11-03T12:12:55","slug":"deux-nouvelles-varietes-performantes-de-colza-inscrites-au-catalogue-officiel-par-linra","status":"publish","type":"post","link":"https:\/\/inrameknes.info\/?p=1018","title":{"rendered":"Deux nouvelles vari\u00e9t\u00e9s performantes de colza inscrites au Catalogue Officiel par l&rsquo;INRA"},"content":{"rendered":"<div id=\"attachment_1019\" style=\"width: 274px\" class=\"wp-caption alignleft\"><a href=\"http:\/\/inrameknes.info\/wp-content\/uploads\/2016\/01\/Fleurs-de-colza.jpg\"><img loading=\"lazy\" decoding=\"async\" aria-describedby=\"caption-attachment-1019\" class=\"wp-image-1019 size-medium\" src=\"http:\/\/inrameknes.info\/wp-content\/uploads\/2016\/01\/Fleurs-de-colza-e1453215797668-264x300.jpg\" alt=\"Fleurs de colza\" width=\"264\" height=\"300\" srcset=\"https:\/\/inrameknes.info\/wp-content\/uploads\/2016\/01\/Fleurs-de-colza-e1453215797668-264x300.jpg 264w, https:\/\/inrameknes.info\/wp-content\/uploads\/2016\/01\/Fleurs-de-colza-e1453215797668.jpg 528w\" sizes=\"auto, (max-width: 264px) 100vw, 264px\" \/><\/a><p id=\"caption-attachment-1019\" class=\"wp-caption-text\">Fleurs de Colza<\/p><\/div>\n<p>\u00ab<a title=\"Fiche technique de colza \u2018INRA-CZSyn1\u2019\" href=\"http:\/\/inrameknes.info\/?p=1025\" target=\"_blank\">INRA-CZSyn1<\/a>\u00bb et \u00ab<a title=\"Fiche technique de colza \u2018INRA-CZSyn3\u2019\" href=\"http:\/\/inrameknes.info\/?p=1029\" target=\"_blank\">INRA-CZSyn3<\/a>\u00bb sont les codes des deux nouvelles vari\u00e9t\u00e9s marocaines de colza r\u00e9cemment inscrites au Catalogue Officiel par l\u2019<a title=\"Site web INRA Maroc\" href=\"http:\/\/www.inra.org.ma\" target=\"_blank\">INRA<\/a> &#8211; CRRA Mekn\u00e8s (<strong>ces vari\u00e9t\u00e9s portent les d\u00e9nominations respectives de <a href=\"http:\/\/inrameknes.info\/?p=1025\" target=\"_blank\">Adila<\/a> et <a href=\"http:\/\/inrameknes.info\/?p=1029\" target=\"_blank\">Lila<\/a><\/strong>). Elles viennent s\u2019ajouter \u00e0 \u00ab<a href=\"http:\/\/mag.inrameknes.info\/?attachment_id=439\" target=\"_blank\">Narjisse<\/a>\u00bb et \u00ab<a href=\"http:\/\/mag.inrameknes.info\/?attachment_id=439\" target=\"_blank\">Moufida<\/a>\u00bb, les deux premi\u00e8res vari\u00e9t\u00e9s de colza inscrites par l\u2019<a href=\"http:\/\/www.inra.org.ma\" target=\"_blank\">INRA <\/a>en 2008 et 2009, respectivement. Ces obtentions sont le fruit de longs et studieux travaux men\u00e9s par l\u2019\u00e9quipe d\u2019am\u00e9lioration g\u00e9n\u00e9tique dirig\u00e9e par \u00a0<a href=\"http:\/\/www.researchgate.net\/profile\/Abdelghani_Nabloussi\" target=\"_blank\">Dr. Abdelghani NABLOUSSI<\/a>, Coordinateur de l\u2019<a title=\"URAPCRG-CRRA Mekn\u00e8s\" href=\"http:\/\/inrameknes.info\/?page_id=151\" target=\"_blank\">Unit\u00e9 de Recherche \u00abAm\u00e9lioration des Plantes et Conservation de Ressource Phyto-G\u00e9n\u00e9tiques\u00bb<\/a> du Centre R\u00e9gional de la Recherche Agronomique de Mekn\u00e8s.<\/p>\n<p>A la diff\u00e9rence des deux premi\u00e8res vari\u00e9t\u00e9s qui sont des lign\u00e9es pures, \u00abINRA-CZSyn1\u00bb et \u00abINRA-CZSyn3\u00bb sont des vari\u00e9t\u00e9s synth\u00e9tiques caract\u00e9ris\u00e9es par une plasticit\u00e9 et une adaptation, plus grandes que celles de la lign\u00e9e et de l\u2019hybride, dans des conditions environnementales difficiles li\u00e9es au contexte de changement climatique de plus en plus ressenties au Maroc. \u00ab INRA-CZSyn1 \u00bb et \u00ab INRA-CZSyn3 \u00bb sont semi-pr\u00e9coces \u00e0 la floraison et poss\u00e8dent un rendement en graine \u00e9lev\u00e9 qui d\u00e9passe, en moyenne, 24 q\/ha et une teneur en huile moyenne de la graine sup\u00e9rieure \u00e0 45%. Leur huile est indemne d\u2019acide \u00e9rucique et leur tourteau contient une faible teneur en glucosinolates. Ces deux vari\u00e9t\u00e9s sont recommand\u00e9es pour toutes les zones de culture du colza au Maroc, \u00e0 savoir le Gharb, le Loukkos, le Sa\u00efs et le Za\u00ebr.<!--more--><\/p>\n<p><a href=\"http:\/\/www.researchgate.net\/profile\/Abdelghani_Nabloussi\" target=\"_blank\">Dr. Abdelghani Nabloussi<\/a> vient aussi de signer, aux Editions <a href=\"http:\/\/www.inra.org.ma\" target=\"_blank\">INRA<\/a>, un livre intitul\u00e9 <a href=\"http:\/\/inrameknes.info\/wp-content\/uploads\/2015\/12\/couverture.jpg\"><img loading=\"lazy\" decoding=\"async\" class=\"alignright wp-image-983 size-medium\" src=\"http:\/\/inrameknes.info\/wp-content\/uploads\/2015\/12\/couverture-236x300.jpg\" alt=\"\" width=\"236\" height=\"300\" srcset=\"https:\/\/inrameknes.info\/wp-content\/uploads\/2015\/12\/couverture-236x300.jpg 236w, https:\/\/inrameknes.info\/wp-content\/uploads\/2015\/12\/couverture-e1451317679158-117x150.jpg 117w, https:\/\/inrameknes.info\/wp-content\/uploads\/2015\/12\/couverture.jpg 600w\" sizes=\"auto, (max-width: 236px) 100vw, 236px\" \/><\/a>\u00ab<a href=\"http:\/\/inrameknes.info\/?p=982\" target=\"_blank\">Am\u00e9lioration g\u00e9n\u00e9tique du colza : enjeux et r\u00e9alisations pour un d\u00e9veloppement durable de la fili\u00e8re<\/a>\u00bb. Il s\u2019agit d\u2019un ouvrage de r\u00e9f\u00e9rence pour les scientifiques et les professionnels, synth\u00e9tisant les enjeux et les r\u00e9alisations en mati\u00e8re d\u2019am\u00e9lioration g\u00e9n\u00e9tique du Colza et d\u00e9clinant le programme d\u2019am\u00e9lioration g\u00e9n\u00e9tique de cette culture poursuivi par l\u2019INRA depuis plus de vingt ans. A rappeler que ces travaux ont \u00e9t\u00e9 prim\u00e9s en la personne de <a href=\"http:\/\/www.researchgate.net\/profile\/Abdelghani_Nabloussi\" target=\"_blank\">Dr Nabloussi<\/a> qui a obtenu <a href=\"http:\/\/inrameknes.info\/?p=544\" target=\"_blank\">le deuxi\u00e8me Prix de la Cat\u00e9gorie Sciences et Technologies Avanc\u00e9es de la 9\u00e8me \u00e9dition du Grand Prix Hassan II <\/a>en avril 2015.<\/p>\n<p><a href=\"http:\/\/www.inra.org.ma\" target=\"_blank\">L\u2019Institut National de la Recherche Agronomique (INRA)<\/a> est en effet partie prenante dans le processus de la relance et du d\u00e9veloppement du secteur des ol\u00e9agineux. Sa strat\u00e9gie est bas\u00e9e sur la diversification des cultures ol\u00e9agineuses et de leurs ressources g\u00e9n\u00e9tiques mises en recherche-exp\u00e9rimentation, le d\u00e9veloppement de vari\u00e9t\u00e9s am\u00e9lior\u00e9es et la mise au point de techniques culturales appropri\u00e9es, r\u00e9pondant aux principes de d\u00e9veloppement durable et de protection de l\u2019environnement. Pour le colza et le tournesol, cultures consid\u00e9r\u00e9es par le Contrat Programme de la fili\u00e8re ol\u00e9agineuse, <a href=\"http:\/\/www.inra.org.ma\" target=\"_blank\">l\u2019INRA <\/a>dispose d\u2019un germoplasme \u00e0 base g\u00e9n\u00e9tique large, en plus de plusieurs vari\u00e9t\u00e9s productives, adapt\u00e9es aux conditions de culture et de bonne qualit\u00e9 d\u2019huile. En parall\u00e8le, <a href=\"http:\/\/www.inra.org.ma\" target=\"_blank\">l\u2019INRA <\/a>s\u2019int\u00e9resse \u00e9galement \u00e0 l\u2019introduction, la multiplication et la caract\u00e9risation de ressources g\u00e9n\u00e9tiques d\u2019autres cultures ol\u00e9agineuses plus rustiques, \u00e0 savoir le carthame (Carthamus tinctorius), la moutarde \u00e9thiopienne (Brassica carinata), la moutarde indienne (Brassica juncea) et la navette (Brassica rapa). Ces esp\u00e8ces peuvent constituer une alternative, notamment dans un contexte de changement climatique caract\u00e9ris\u00e9 par l\u2019augmentation de la fr\u00e9quence des s\u00e9cheresses et des hautes temp\u00e9ratures.<\/p>\n<p>&#8212;&#8212;&#8212;&#8212;&#8212;<\/p>\n<p><strong>Pour plus\u00a0d\u2019information :<\/strong><\/p>\n<ul>\n<li><a href=\"http:\/\/inrameknes.info\/?p=1025\" target=\"_blank\">Fiche descriptive de la vari\u00e9t\u00e9s \u00abINRA-CZSyn1\u00bb.<\/a><\/li>\n<li><a href=\"http:\/\/inrameknes.info\/?p=1029\" target=\"_blank\">Fiche descriptive de la vari\u00e9t\u00e9 \u00abINRA-CZSyn3\u00bb.<\/a><\/li>\n<li><a href=\"http:\/\/mag.inrameknes.info\/?p=431\" target=\"_blank\">Article \u00abS\u00e9lection vari\u00e9tale du colza au Maroc\u00bb de Dr Abdelghani Nabloussi sur \u00abINRA Mekn\u00e8s Magazine\u00bb.<\/a><\/li>\n<li><a href=\"http:\/\/inrameknes.info\/?p=982\" target=\"_blank\">Pr\u00e9sentation du livre \u00ab Am\u00e9lioration g\u00e9n\u00e9tique du colza : enjeux et r\u00e9alisations pour un d\u00e9veloppement durable de la fili\u00e8re \u00bb de Dr Abdelghani Nabloussi sur le site web du CRRA Mekn\u00e8s<\/a>.<\/li>\n<li><a href=\"http:\/\/inrameknes.info\/?p=544\" target=\"_blank\">Communiqu\u00e9 INRA relatif \u00e0 la 9\u00e8me \u00e9dition du Grand Prix Hassan II sur le site web du CRRA Mekn\u00e8s<\/a>.<\/li>\n<\/ul>\n","protected":false},"excerpt":{"rendered":"<p>\u00abINRA-CZSyn1\u00bb et \u00abINRA-CZSyn3\u00bb sont les codes des deux nouvelles vari\u00e9t\u00e9s marocaines de colza r\u00e9cemment inscrites au Catalogue Officiel par l\u2019INRA &#8211; CRRA Mekn\u00e8s (ces vari\u00e9t\u00e9s portent les d\u00e9nominations respectives de Adila et Lila). Elles viennent s\u2019ajouter \u00e0 \u00abNarjisse\u00bb et \u00abMoufida\u00bb, &hellip; <a href=\"https:\/\/inrameknes.info\/?p=1018\">Continuer la lecture <span class=\"meta-nav\">&rarr;<\/span><\/a><\/p>\n","protected":false},"author":1,"featured_media":0,"comment_status":"closed","ping_status":"closed","sticky":false,"template":"","format":"standard","meta":{"footnotes":""},"categories":[11],"tags":[54,149,306,309,310,308,146,307,176,163],"class_list":["post-1018","post","type-post","status-publish","format-standard","hentry","category-actualites","tag-amelioration-genetique","tag-colza","tag-communique","tag-inra-czsyn1","tag-inra-czsyn3","tag-moufida","tag-nabloussi","tag-narjisse","tag-plantes-oleagineuses","tag-urapcrg"],"_links":{"self":[{"href":"https:\/\/inrameknes.info\/index.php?rest_route=\/wp\/v2\/posts\/1018","targetHints":{"allow":["GET"]}}],"collection":[{"href":"https:\/\/inrameknes.info\/index.php?rest_route=\/wp\/v2\/posts"}],"about":[{"href":"https:\/\/inrameknes.info\/index.php?rest_route=\/wp\/v2\/types\/post"}],"author":[{"embeddable":true,"href":"https:\/\/inrameknes.info\/index.php?rest_route=\/wp\/v2\/users\/1"}],"replies":[{"embeddable":true,"href":"https:\/\/inrameknes.info\/index.php?rest_route=%2Fwp%2Fv2%2Fcomments&post=1018"}],"version-history":[{"count":13,"href":"https:\/\/inrameknes.info\/index.php?rest_route=\/wp\/v2\/posts\/1018\/revisions"}],"predecessor-version":[{"id":1824,"href":"https:\/\/inrameknes.info\/index.php?rest_route=\/wp\/v2\/posts\/1018\/revisions\/1824"}],"wp:attachment":[{"href":"https:\/\/inrameknes.info\/index.php?rest_route=%2Fwp%2Fv2%2Fmedia&parent=1018"}],"wp:term":[{"taxonomy":"category","embeddable":true,"href":"https:\/\/inrameknes.info\/index.php?rest_route=%2Fwp%2Fv2%2Fcategories&post=1018"},{"taxonomy":"post_tag","embeddable":true,"href":"https:\/\/inrameknes.info\/index.php?rest_route=%2Fwp%2Fv2%2Ftags&post=1018"}],"curies":[{"name":"wp","href":"https:\/\/api.w.org\/{rel}","templated":true}]}}