{"id":913,"date":"2015-12-08T16:44:26","date_gmt":"2015-12-08T15:44:26","guid":{"rendered":"http:\/\/inrameknes.info\/?p=913"},"modified":"2015-12-28T17:02:58","modified_gmt":"2015-12-28T16:02:58","slug":"linra-meknes-aux-7emes-journees-internationales-detude-sur-les-lipides","status":"publish","type":"post","link":"http:\/\/inrameknes.info\/?p=913","title":{"rendered":"L\u2019INRA Mekn\u00e8s aux 7\u00e8mes Journ\u00e9es Internationales d\u2019Etude sur les Lipides"},"content":{"rendered":"<div id=\"attachment_914\" style=\"width: 310px\" class=\"wp-caption alignright\"><a href=\"http:\/\/inrameknes.info\/wp-content\/uploads\/2015\/12\/Dr-Nabloussi-aux-JIEL-Marrakech-d\u00e9c-2015-001.jpg\"><img loading=\"lazy\" decoding=\"async\" aria-describedby=\"caption-attachment-914\" class=\"wp-image-914 size-medium\" src=\"http:\/\/inrameknes.info\/wp-content\/uploads\/2015\/12\/Dr-Nabloussi-aux-JIEL-Marrakech-d\u00e9c-2015-001-300x254.jpg\" alt=\"Dr Nabloussi aux JIEL, Marrakech- d\u00e9c 2015 001\" width=\"300\" height=\"254\" srcset=\"http:\/\/inrameknes.info\/wp-content\/uploads\/2015\/12\/Dr-Nabloussi-aux-JIEL-Marrakech-d\u00e9c-2015-001-300x254.jpg 300w, http:\/\/inrameknes.info\/wp-content\/uploads\/2015\/12\/Dr-Nabloussi-aux-JIEL-Marrakech-d\u00e9c-2015-001.jpg 550w\" sizes=\"auto, (max-width: 300px) 100vw, 300px\" \/><\/a><p id=\"caption-attachment-914\" class=\"wp-caption-text\"><a href=\"http:\/\/inrameknes.info\/?page_id=151\" target=\"_blank\">Dr Nabloussi <\/a>aux JIEL, Marrakech- d\u00e9c 2015 001<\/p><\/div>\n<p><a href=\"http:\/\/inrameknes.info\/?page_id=151\" target=\"_blank\">Dr Abdelghani Nabloussi<\/a> (URAPCRG &#8211; CRRA Mekn\u00e8s) a contribu\u00e9 aux travaux aux 7\u00e8me Journ\u00e9es Internationales d\u2019Etude sur les Lipides (JIEL) organis\u00e9es par la Soci\u00e9t\u00e9 Marocaine pour l\u2019Etude des Lipides (SMEL) \u00e0 Marrakech du 3 au 5 d\u00e9cembre sous le th\u00e8me \u00ab Lipides : sant\u00e9, nutrition et innovation industrielle \u00bb.<\/p>\n<p>Dr Nabloussi y a pr\u00e9sent\u00e9 une communication intitul\u00e9e \u00ab <a href=\"http:\/\/http:\/\/inrameknes.info\/wp-content\/uploads\/2015\/12\/R\u00e9sum\u00e9-Communication-Dr-Nabloussi-au-JIEL-Dec-2015.pdf\">Strat\u00e9gie de la recherche agronomique pour le d\u00e9veloppement de la fili\u00e8re ol\u00e9agineuse au Maroc <\/a>\u00bb au sein de la session \u00ab Aspects \u00e9conomiques, agronomiques et industriels des huiles \u00bb. Les autres sessions de cette conf\u00e9rence ont concern\u00e9 : (i) impacts des lipides sur la sant\u00e9, (ii) technologies innovantes en mati\u00e8re d\u2019acides gras, (iii) production de lipides marines et (iv) int\u00e9r\u00eat des acides gras en cosm\u00e9tologie.<\/p>\n<p>Cette manifestation qui r\u00e9unis plusieurs experts et chercheurs de plusieurs pays a b\u00e9n\u00e9fici\u00e9 du support de la Soci\u00e9t\u00e9 Francaise pour l\u2019Etude des Lipides (SFEL), France.<\/p>\n<p><a href=\"http:\/\/inrameknes.info\/wp-content\/uploads\/2015\/12\/R\u00e9sum\u00e9-Communication-Dr-Nabloussi-au-JIEL-Dec-2015.pdf\">R\u00e9sum\u00e9 de la communication de Dr Nabloussi aux JIEL &#8211; Dec 2015<\/a><\/p>\n","protected":false},"excerpt":{"rendered":"<p>Dr Abdelghani Nabloussi (URAPCRG &#8211; CRRA Mekn\u00e8s) a contribu\u00e9 aux travaux aux 7\u00e8me Journ\u00e9es Internationales d\u2019Etude sur les Lipides (JIEL) organis\u00e9es par la Soci\u00e9t\u00e9 Marocaine pour l\u2019Etude des Lipides (SMEL) \u00e0 Marrakech du 3 au 5 d\u00e9cembre sous le th\u00e8me &hellip; <a href=\"http:\/\/inrameknes.info\/?p=913\">Continuer la lecture <span class=\"meta-nav\">&rarr;<\/span><\/a><\/p>\n","protected":false},"author":1,"featured_media":0,"comment_status":"closed","ping_status":"closed","sticky":false,"template":"","format":"standard","meta":{"footnotes":""},"categories":[11,82],"tags":[280,282,281,146,176,283,163],"class_list":["post-913","post","type-post","status-publish","format-standard","hentry","category-actualites","category-seminaires","tag-huiles","tag-jiel","tag-lipides","tag-nabloussi","tag-plantes-oleagineuses","tag-smel","tag-urapcrg"],"_links":{"self":[{"href":"http:\/\/inrameknes.info\/index.php?rest_route=\/wp\/v2\/posts\/913","targetHints":{"allow":["GET"]}}],"collection":[{"href":"http:\/\/inrameknes.info\/index.php?rest_route=\/wp\/v2\/posts"}],"about":[{"href":"http:\/\/inrameknes.info\/index.php?rest_route=\/wp\/v2\/types\/post"}],"author":[{"embeddable":true,"href":"http:\/\/inrameknes.info\/index.php?rest_route=\/wp\/v2\/users\/1"}],"replies":[{"embeddable":true,"href":"http:\/\/inrameknes.info\/index.php?rest_route=%2Fwp%2Fv2%2Fcomments&post=913"}],"version-history":[{"count":4,"href":"http:\/\/inrameknes.info\/index.php?rest_route=\/wp\/v2\/posts\/913\/revisions"}],"predecessor-version":[{"id":992,"href":"http:\/\/inrameknes.info\/index.php?rest_route=\/wp\/v2\/posts\/913\/revisions\/992"}],"wp:attachment":[{"href":"http:\/\/inrameknes.info\/index.php?rest_route=%2Fwp%2Fv2%2Fmedia&parent=913"}],"wp:term":[{"taxonomy":"category","embeddable":true,"href":"http:\/\/inrameknes.info\/index.php?rest_route=%2Fwp%2Fv2%2Fcategories&post=913"},{"taxonomy":"post_tag","embeddable":true,"href":"http:\/\/inrameknes.info\/index.php?rest_route=%2Fwp%2Fv2%2Ftags&post=913"}],"curies":[{"name":"wp","href":"https:\/\/api.w.org\/{rel}","templated":true}]}}