{"id":909,"date":"2015-12-04T17:42:52","date_gmt":"2015-12-04T16:42:52","guid":{"rendered":"http:\/\/inrameknes.info\/?p=909"},"modified":"2016-05-19T11:40:50","modified_gmt":"2016-05-19T10:40:50","slug":"les-etudiants-en-master-de-la-fst-fes-en-visite-a-linra-meknes","status":"publish","type":"post","link":"http:\/\/inrameknes.info\/?p=909","title":{"rendered":"Les \u00e9tudiants en Master de la FST F\u00e8s en visite \u00e0 l\u2019INRA Mekn\u00e8s"},"content":{"rendered":"<div id=\"attachment_910\" style=\"width: 510px\" class=\"wp-caption aligncenter\"><a href=\"http:\/\/inrameknes.info\/wp-content\/uploads\/2015\/12\/Les-\u00e9tudiantEs-en-Master-Sciences-et-Techniques-d-ela-FST-F\u00e8s-en-visite-\u00e0-lINRA-Mekn\u00e8s-03-d\u00e9c.-2015.jpg\"><img loading=\"lazy\" decoding=\"async\" aria-describedby=\"caption-attachment-910\" class=\"wp-image-910 size-full\" src=\"http:\/\/inrameknes.info\/wp-content\/uploads\/2015\/12\/Les-\u00e9tudiantEs-en-Master-Sciences-et-Techniques-d-ela-FST-F\u00e8s-en-visite-\u00e0-lINRA-Mekn\u00e8s-03-d\u00e9c.-2015.jpg\" alt=\"Les \u00e9tudiantEs en Master Sciences et Techniques de la FST F\u00e8s en visite \u00e0 l'INRA Mekn\u00e8s, 03 d\u00e9c. 2015\" width=\"500\" height=\"165\" \/><\/a><p id=\"caption-attachment-910\" class=\"wp-caption-text\">Les \u00e9tudiantEs en Master Sciences et Techniques de la FST F\u00e8s en visite \u00e0 l&rsquo;INRA Mekn\u00e8s, 03 d\u00e9c. 2015<\/p><\/div>\n<p>Les \u00e9tudiantEs de la premi\u00e8re et deuxi\u00e8me ann\u00e9es Master Sciences et Techniques (option Gestion et Conservation de la Biodiversit\u00e9) de la FST F\u00e8s ont rendu visite au CRRA Mekn\u00e8s le jeudi 03 d\u00e9cembre 2015.<\/p>\n<p>Mr Ali Mamouni (Chef du SRD) qui a \u00e9t\u00e9 \u00e0 leur accueil leur a donn\u00e9 une pr\u00e9sentation des travaux de recherche et de recherche-d\u00e9veloppement r\u00e9alis\u00e9s au CRRA Mekn\u00e8s et les a invit\u00e9 \u00e0 visiter quelques laboratoires de diff\u00e9rentes Unit\u00e9s de recherche.<\/p>\n<p>Les deux promotions de l\u2019Universit\u00e9 Sidi Mohammed Ben Abdellah de F\u00e8s \u00e9taient accompagn\u00e9es par leurs enseignants ; Pr. Abderrahim Lazraq et Pr. Lahsen El Ghadraoui.<\/p>\n","protected":false},"excerpt":{"rendered":"<p>Les \u00e9tudiantEs de la premi\u00e8re et deuxi\u00e8me ann\u00e9es Master Sciences et Techniques (option Gestion et Conservation de la Biodiversit\u00e9) de la FST F\u00e8s ont rendu visite au CRRA Mekn\u00e8s le jeudi 03 d\u00e9cembre 2015. Mr Ali Mamouni (Chef du SRD) &hellip; <a href=\"http:\/\/inrameknes.info\/?p=909\">Continuer la lecture <span class=\"meta-nav\">&rarr;<\/span><\/a><\/p>\n","protected":false},"author":1,"featured_media":0,"comment_status":"closed","ping_status":"closed","sticky":false,"template":"","format":"standard","meta":{"footnotes":""},"categories":[11,116],"tags":[278,46,198,279,839],"class_list":["post-909","post","type-post","status-publish","format-standard","hentry","category-actualites","category-visite","tag-fst-fes","tag-mamouni","tag-srd","tag-universite-fes","tag-visite"],"_links":{"self":[{"href":"http:\/\/inrameknes.info\/index.php?rest_route=\/wp\/v2\/posts\/909","targetHints":{"allow":["GET"]}}],"collection":[{"href":"http:\/\/inrameknes.info\/index.php?rest_route=\/wp\/v2\/posts"}],"about":[{"href":"http:\/\/inrameknes.info\/index.php?rest_route=\/wp\/v2\/types\/post"}],"author":[{"embeddable":true,"href":"http:\/\/inrameknes.info\/index.php?rest_route=\/wp\/v2\/users\/1"}],"replies":[{"embeddable":true,"href":"http:\/\/inrameknes.info\/index.php?rest_route=%2Fwp%2Fv2%2Fcomments&post=909"}],"version-history":[{"count":4,"href":"http:\/\/inrameknes.info\/index.php?rest_route=\/wp\/v2\/posts\/909\/revisions"}],"predecessor-version":[{"id":991,"href":"http:\/\/inrameknes.info\/index.php?rest_route=\/wp\/v2\/posts\/909\/revisions\/991"}],"wp:attachment":[{"href":"http:\/\/inrameknes.info\/index.php?rest_route=%2Fwp%2Fv2%2Fmedia&parent=909"}],"wp:term":[{"taxonomy":"category","embeddable":true,"href":"http:\/\/inrameknes.info\/index.php?rest_route=%2Fwp%2Fv2%2Fcategories&post=909"},{"taxonomy":"post_tag","embeddable":true,"href":"http:\/\/inrameknes.info\/index.php?rest_route=%2Fwp%2Fv2%2Ftags&post=909"}],"curies":[{"name":"wp","href":"https:\/\/api.w.org\/{rel}","templated":true}]}}