{"id":5605,"date":"2025-10-27T18:51:00","date_gmt":"2025-10-27T17:51:00","guid":{"rendered":"https:\/\/inrameknes.info\/?p=5605"},"modified":"2025-11-03T18:53:27","modified_gmt":"2025-11-03T17:53:27","slug":"seminaire-interne-valorisation-des-graines-oleagineuses-a-travers-la-caracterisationet-lamelioration-de-la-qualite-alimentaire-et-nutritionnelle-des-huiles","status":"publish","type":"post","link":"http:\/\/inrameknes.info\/?p=5605","title":{"rendered":"S\u00e9minaire interne : Valorisation des graines ol\u00e9agineuses \u00e0 travers la caract\u00e9risationet l&rsquo;am\u00e9lioration de la qualit\u00e9 alimentaire et nutritionnelle des huiles."},"content":{"rendered":"\n<figure class=\"wp-block-image size-full\"><a href=\"https:\/\/inrameknes.info\/wp-content\/uploads\/2025\/11\/Seminaire-interne-Guirrou_3-nov-2025.jpg\"><img loading=\"lazy\" decoding=\"async\" width=\"960\" height=\"720\" src=\"https:\/\/inrameknes.info\/wp-content\/uploads\/2025\/11\/Seminaire-interne-Guirrou_3-nov-2025.jpg\" alt=\"\" class=\"wp-image-5606\" srcset=\"http:\/\/inrameknes.info\/wp-content\/uploads\/2025\/11\/Seminaire-interne-Guirrou_3-nov-2025.jpg 960w, http:\/\/inrameknes.info\/wp-content\/uploads\/2025\/11\/Seminaire-interne-Guirrou_3-nov-2025-300x225.jpg 300w, http:\/\/inrameknes.info\/wp-content\/uploads\/2025\/11\/Seminaire-interne-Guirrou_3-nov-2025-768x576.jpg 768w\" sizes=\"auto, (max-width: 960px) 100vw, 960px\" \/><\/a><\/figure>\n\n\n\n<p class=\"has-text-align-center\">Organis\u00e9 en hybride : A la Biblioth\u00e8que du CRRA Mekn\u00e8s et sur Microsoft Teams : <a href=\"https:\/\/teams.microsoft.com\/l\/meetup-join\/19%3ameeting_YjBiYTAyOTctNjI1OC00MmY4LTg5ZmYtNWQwNjgyYTlhNWJj%40thread.v2\/0?context=%7b%22Tid%22%3a%22f79b0200-10b1-4e9c-9850-97fe10c46cb6%22%2c%22Oid%22%3a%2216e33482-8a4a-4a74-98df-03e46414b1ca%22%7d\">Rejoindre<\/a><\/p>\n\n\n\n<p class=\"has-text-align-center\"><strong><a href=\"http:\/\/inrameknes.info\/wp-content\/uploads\/2025\/11\/Resume-du-seminaire_Guirrou.pdf\">R\u00e9sum\u00e9 du s\u00e9minaire<\/a><\/strong><\/p>\n\n\n\n<p><\/p>\n","protected":false},"excerpt":{"rendered":"<p>Organis\u00e9 en hybride : A la Biblioth\u00e8que du CRRA Mekn\u00e8s et sur Microsoft Teams : Rejoindre R\u00e9sum\u00e9 du s\u00e9minaire<\/p>\n","protected":false},"author":1,"featured_media":0,"comment_status":"closed","ping_status":"closed","sticky":false,"template":"","format":"standard","meta":{"footnotes":""},"categories":[82],"tags":[284,905,710,429,177],"class_list":["post-5605","post","type-post","status-publish","format-standard","hentry","category-seminaires","tag-guirrou-ibtissame","tag-huile-vegetale","tag-oleagineuses","tag-seminaire","tag-seminaire-interne"],"_links":{"self":[{"href":"http:\/\/inrameknes.info\/index.php?rest_route=\/wp\/v2\/posts\/5605","targetHints":{"allow":["GET"]}}],"collection":[{"href":"http:\/\/inrameknes.info\/index.php?rest_route=\/wp\/v2\/posts"}],"about":[{"href":"http:\/\/inrameknes.info\/index.php?rest_route=\/wp\/v2\/types\/post"}],"author":[{"embeddable":true,"href":"http:\/\/inrameknes.info\/index.php?rest_route=\/wp\/v2\/users\/1"}],"replies":[{"embeddable":true,"href":"http:\/\/inrameknes.info\/index.php?rest_route=%2Fwp%2Fv2%2Fcomments&post=5605"}],"version-history":[{"count":2,"href":"http:\/\/inrameknes.info\/index.php?rest_route=\/wp\/v2\/posts\/5605\/revisions"}],"predecessor-version":[{"id":5609,"href":"http:\/\/inrameknes.info\/index.php?rest_route=\/wp\/v2\/posts\/5605\/revisions\/5609"}],"wp:attachment":[{"href":"http:\/\/inrameknes.info\/index.php?rest_route=%2Fwp%2Fv2%2Fmedia&parent=5605"}],"wp:term":[{"taxonomy":"category","embeddable":true,"href":"http:\/\/inrameknes.info\/index.php?rest_route=%2Fwp%2Fv2%2Fcategories&post=5605"},{"taxonomy":"post_tag","embeddable":true,"href":"http:\/\/inrameknes.info\/index.php?rest_route=%2Fwp%2Fv2%2Ftags&post=5605"}],"curies":[{"name":"wp","href":"https:\/\/api.w.org\/{rel}","templated":true}]}}