{"id":5560,"date":"2025-10-07T09:58:09","date_gmt":"2025-10-07T08:58:09","guid":{"rendered":"https:\/\/inrameknes.info\/?p=5560"},"modified":"2025-10-08T09:58:53","modified_gmt":"2025-10-08T08:58:53","slug":"seminaire-couts-de-transaction-dans-la-coordination-verticale-des-filieres-agricoles-cas-du-projet-dagregation-du-pommier-dans-la-province-de-midelt","status":"publish","type":"post","link":"http:\/\/inrameknes.info\/?p=5560","title":{"rendered":"S\u00e9minaire : Co\u00fbts de Transaction dans la Coordination Verticale des Fili\u00e8res Agricoles : Cas du Projet d\u2019Agr\u00e9gation du Pommier dans la Province de Midelt."},"content":{"rendered":"\n<figure class=\"wp-block-image size-full\"><a href=\"https:\/\/inrameknes.info\/wp-content\/uploads\/2025\/10\/Seminaire-interne-Bouichou_6-oct-2025.jpg\"><img loading=\"lazy\" decoding=\"async\" width=\"960\" height=\"720\" src=\"https:\/\/inrameknes.info\/wp-content\/uploads\/2025\/10\/Seminaire-interne-Bouichou_6-oct-2025.jpg\" alt=\"\" class=\"wp-image-5561\" srcset=\"http:\/\/inrameknes.info\/wp-content\/uploads\/2025\/10\/Seminaire-interne-Bouichou_6-oct-2025.jpg 960w, http:\/\/inrameknes.info\/wp-content\/uploads\/2025\/10\/Seminaire-interne-Bouichou_6-oct-2025-300x225.jpg 300w, http:\/\/inrameknes.info\/wp-content\/uploads\/2025\/10\/Seminaire-interne-Bouichou_6-oct-2025-768x576.jpg 768w\" sizes=\"auto, (max-width: 960px) 100vw, 960px\" \/><\/a><\/figure>\n\n\n\n<p><strong><a href=\"http:\/\/inrameknes.info\/wp-content\/uploads\/2025\/10\/Seminaire-Agregation-Pommier-Bouichou_6-oct-2025.pdf\">Pr\u00e9sentation du s\u00e9minaire<\/a><\/strong><\/p>\n\n\n\n<p><\/p>\n","protected":false},"excerpt":{"rendered":"<p>Pr\u00e9sentation du s\u00e9minaire<\/p>\n","protected":false},"author":1,"featured_media":0,"comment_status":"closed","ping_status":"closed","sticky":false,"template":"","format":"standard","meta":{"footnotes":""},"categories":[1,82],"tags":[491,945,295,638,177],"class_list":["post-5560","post","type-post","status-publish","format-standard","hentry","category-non-classe","category-seminaires","tag-agregation","tag-agroeconomie","tag-bouichou","tag-pomme","tag-seminaire-interne"],"_links":{"self":[{"href":"http:\/\/inrameknes.info\/index.php?rest_route=\/wp\/v2\/posts\/5560","targetHints":{"allow":["GET"]}}],"collection":[{"href":"http:\/\/inrameknes.info\/index.php?rest_route=\/wp\/v2\/posts"}],"about":[{"href":"http:\/\/inrameknes.info\/index.php?rest_route=\/wp\/v2\/types\/post"}],"author":[{"embeddable":true,"href":"http:\/\/inrameknes.info\/index.php?rest_route=\/wp\/v2\/users\/1"}],"replies":[{"embeddable":true,"href":"http:\/\/inrameknes.info\/index.php?rest_route=%2Fwp%2Fv2%2Fcomments&post=5560"}],"version-history":[{"count":2,"href":"http:\/\/inrameknes.info\/index.php?rest_route=\/wp\/v2\/posts\/5560\/revisions"}],"predecessor-version":[{"id":5564,"href":"http:\/\/inrameknes.info\/index.php?rest_route=\/wp\/v2\/posts\/5560\/revisions\/5564"}],"wp:attachment":[{"href":"http:\/\/inrameknes.info\/index.php?rest_route=%2Fwp%2Fv2%2Fmedia&parent=5560"}],"wp:term":[{"taxonomy":"category","embeddable":true,"href":"http:\/\/inrameknes.info\/index.php?rest_route=%2Fwp%2Fv2%2Fcategories&post=5560"},{"taxonomy":"post_tag","embeddable":true,"href":"http:\/\/inrameknes.info\/index.php?rest_route=%2Fwp%2Fv2%2Ftags&post=5560"}],"curies":[{"name":"wp","href":"https:\/\/api.w.org\/{rel}","templated":true}]}}