{"id":4663,"date":"2024-01-23T15:44:29","date_gmt":"2024-01-23T14:44:29","guid":{"rendered":"https:\/\/inrameknes.info\/?p=4663"},"modified":"2024-01-23T15:47:00","modified_gmt":"2024-01-23T14:47:00","slug":"dr-faouzi-bekkaoui-directeur-de-linra-donne-une-communication-au-congres-international-de-lalimentation-et-des-sciences-environnementales-meknes-19-janvier-2024","status":"publish","type":"post","link":"http:\/\/inrameknes.info\/?p=4663","title":{"rendered":"Dr Faouzi Bekkaoui, Directeur de l\u2019INRA, donne une communication au Congr\u00e8s International de l\u2019Alimentation et des Sciences Environnementales (Mekn\u00e8s, 19 janvier 2024)."},"content":{"rendered":"<div class=\"wp-block-image\">\n<figure class=\"alignleft size-large is-resized\"><a href=\"https:\/\/inrameknes.info\/wp-content\/uploads\/2024\/01\/Dr-Bekkaoui.jpg\"><img loading=\"lazy\" decoding=\"async\" width=\"1024\" height=\"768\" src=\"https:\/\/inrameknes.info\/wp-content\/uploads\/2024\/01\/Dr-Bekkaoui-1024x768.jpg\" alt=\"\" class=\"wp-image-4664\" style=\"aspect-ratio:1.3333333333333333;width:363px;height:auto\" srcset=\"http:\/\/inrameknes.info\/wp-content\/uploads\/2024\/01\/Dr-Bekkaoui-1024x768.jpg 1024w, http:\/\/inrameknes.info\/wp-content\/uploads\/2024\/01\/Dr-Bekkaoui-300x225.jpg 300w, http:\/\/inrameknes.info\/wp-content\/uploads\/2024\/01\/Dr-Bekkaoui-768x576.jpg 768w, http:\/\/inrameknes.info\/wp-content\/uploads\/2024\/01\/Dr-Bekkaoui.jpg 1516w\" sizes=\"auto, (max-width: 1024px) 100vw, 1024px\" \/><\/a><\/figure><\/div>\n\n\n<p>\u00ab&nbsp;<strong>La r\u00e9silience de l\u2019agriculture face au changement climatique<\/strong>&nbsp;\u00bb a \u00e9t\u00e9 le th\u00e8me de l\u2019intervention de Dr Faouzi Bekkaoui, Directeur de l\u2019INRA, donn\u00e9e en ouverture du <a href=\"https:\/\/sites.google.com\/view\/icfes-24\/home\" target=\"_blank\" rel=\"noreferrer noopener\">The International Congress on Food and Environmental Sciences (ICFES 24&prime;)<\/a>. C\u2019\u00e9tait ce vendredi 19 janvier 2024 \u00e0 la Pr\u00e9sidence de l&rsquo;Universit\u00e9 Moulay Isma\u00efl de Mekn\u00e8s lors de la conf\u00e9rence introductive du congr\u00e8s, mod\u00e9r\u00e9e par Dr Abderrahim Benta\u00efbi, Chef du CRRA Mekn\u00e8s.<\/p>\n\n\n\n<p>Mr Charafeddine Kassimi (Technicien au CRRA Mekn\u00e8s et PhD student \u00e0 la FS UMI Mekn\u00e8s) a donn\u00e9 dans ce cadre une communication orale intitul\u00e9e \u00ab\u00a0<strong>Fig Seeds : A Noval Frontier for a Promising Vegetable Oil-Insights from Lipidomic Fingerprinting and Nutrient Profiling<\/strong>\u00ab\u00a0. La contribution de l\u2019INRA \u00e0 cette manifestation a aussi concern\u00e9 la participation \u00e0 son Comit\u00e9 Scientifique de Dr Lahcen Hssa\u00efni (URGRNSEQ-CRRA Mekn\u00e8s).<\/p>\n\n\n\n<p>Ce congr\u00e8s, tenu les 19 et 20 Janvier 2024 \u00e0 la Facult\u00e9 des Sciences de Mekn\u00e8s, a rassembl\u00e9 des experts renomm\u00e9s, des chercheurs, et des professionnels agro-alimentaires pour discuter des derni\u00e8res avanc\u00e9es dans les domaines cruciaux des sciences alimentaires et de l&rsquo;environnement, dans une qu\u00eate des diverses facettes de la valorisation des bioressources \u00e0 l&rsquo;aide de la biotechnologie environnementale.<\/p>\n\n\n\n<p><strong><a rel=\"noreferrer noopener\" href=\"http:\/\/inrameknes.info\/wp-content\/uploads\/2024\/01\/ICFES-24-Congress-Program.pdf\" target=\"_blank\">Programme du <\/a><a href=\"http:\/\/inrameknes.info\/wp-content\/uploads\/2024\/01\/ICFES-24-Congress-Program.pdf\" target=\"_blank\" rel=\"noreferrer noopener\">congr\u00e8s<\/a><\/strong><\/p>\n","protected":false},"excerpt":{"rendered":"<p>\u00ab&nbsp;La r\u00e9silience de l\u2019agriculture face au changement climatique&nbsp;\u00bb a \u00e9t\u00e9 le th\u00e8me de l\u2019intervention de Dr Faouzi Bekkaoui, Directeur de l\u2019INRA, donn\u00e9e en ouverture du The International Congress on Food and Environmental Sciences (ICFES 24&prime;). C\u2019\u00e9tait ce vendredi 19 janvier &hellip; <a href=\"http:\/\/inrameknes.info\/?p=4663\">Continuer la lecture <span class=\"meta-nav\">&rarr;<\/span><\/a><\/p>\n","protected":false},"author":1,"featured_media":0,"comment_status":"closed","ping_status":"closed","sticky":false,"template":"","format":"standard","meta":{"footnotes":""},"categories":[82],"tags":[285,863,208,66,588,862,733,804],"class_list":["post-4663","post","type-post","status-publish","format-standard","hentry","category-seminaires","tag-agro-alimentaire","tag-agroa","tag-conference","tag-environnement","tag-faouzi-bekkaoui","tag-fs-umi-meknes","tag-hssaini-lahcen","tag-kassimi-charaf-ed-dine"],"_links":{"self":[{"href":"http:\/\/inrameknes.info\/index.php?rest_route=\/wp\/v2\/posts\/4663","targetHints":{"allow":["GET"]}}],"collection":[{"href":"http:\/\/inrameknes.info\/index.php?rest_route=\/wp\/v2\/posts"}],"about":[{"href":"http:\/\/inrameknes.info\/index.php?rest_route=\/wp\/v2\/types\/post"}],"author":[{"embeddable":true,"href":"http:\/\/inrameknes.info\/index.php?rest_route=\/wp\/v2\/users\/1"}],"replies":[{"embeddable":true,"href":"http:\/\/inrameknes.info\/index.php?rest_route=%2Fwp%2Fv2%2Fcomments&post=4663"}],"version-history":[{"count":3,"href":"http:\/\/inrameknes.info\/index.php?rest_route=\/wp\/v2\/posts\/4663\/revisions"}],"predecessor-version":[{"id":4668,"href":"http:\/\/inrameknes.info\/index.php?rest_route=\/wp\/v2\/posts\/4663\/revisions\/4668"}],"wp:attachment":[{"href":"http:\/\/inrameknes.info\/index.php?rest_route=%2Fwp%2Fv2%2Fmedia&parent=4663"}],"wp:term":[{"taxonomy":"category","embeddable":true,"href":"http:\/\/inrameknes.info\/index.php?rest_route=%2Fwp%2Fv2%2Fcategories&post=4663"},{"taxonomy":"post_tag","embeddable":true,"href":"http:\/\/inrameknes.info\/index.php?rest_route=%2Fwp%2Fv2%2Ftags&post=4663"}],"curies":[{"name":"wp","href":"https:\/\/api.w.org\/{rel}","templated":true}]}}