{"id":453,"date":"2015-03-16T15:21:19","date_gmt":"2015-03-16T15:21:19","guid":{"rendered":"http:\/\/inrameknes.info\/?p=453"},"modified":"2015-03-16T15:21:19","modified_gmt":"2015-03-16T15:21:19","slug":"accueil-en-voyage-detude-dacteurs-associatifs-et-cooperatifs","status":"publish","type":"post","link":"http:\/\/inrameknes.info\/?p=453","title":{"rendered":"Accueil en voyage d&rsquo;\u00e9tude d&rsquo;acteurs associatifs et coop\u00e9ratifs"},"content":{"rendered":"<div id=\"attachment_454\" style=\"width: 310px\" class=\"wp-caption alignright\"><a href=\"http:\/\/inrameknes.info\/wp-content\/uploads\/2015\/03\/Voyage-d\u00e9tude-pour-la-F\u00e9d\u00e9ration-des-Associations-et-Coop\u00e9ratives-de-Talzemt-Boulemane.jpg\"><img loading=\"lazy\" decoding=\"async\" aria-describedby=\"caption-attachment-454\" class=\"wp-image-454 size-medium\" src=\"http:\/\/inrameknes.info\/wp-content\/uploads\/2015\/03\/Voyage-d\u00e9tude-pour-la-F\u00e9d\u00e9ration-des-Associations-et-Coop\u00e9ratives-de-Talzemt-Boulemane-300x180.jpg\" alt=\"Voyage d'\u00e9tude pour la F\u00e9d\u00e9ration des Associations et Coop\u00e9ratives de Talzemt (Prov. Boulemane)\" width=\"300\" height=\"180\" \/><\/a><p id=\"caption-attachment-454\" class=\"wp-caption-text\">Voyage d&rsquo;\u00e9tude pour la F\u00e9d\u00e9ration des Associations et Coop\u00e9ratives de Talzemt (Prov. Boulemane)<\/p><\/div>\n<p>Le CRRA Mekn\u00e8s a accueilli, du 11 au 13 mars, en voyage d&rsquo;\u00e9tude le bureau de la F\u00e9d\u00e9ration des associations et coop\u00e9ratives de Talzemt (Province de Boulemane). Outre la visite du CRRA Mekn\u00e8s, le voyage a concern\u00e9 la rencontre avec plusieurs acteurs publics et civils r\u00e9gionaux (INDH, ADS, Groupement d&rsquo;int\u00e9r\u00eat \u00e9conomiques, coop\u00e9ratives&#8230;).<\/p>\n<p>Ce voyage fait suite aux actions r\u00e9alis\u00e9es au titre de la composante\u00a0\u00ab R\u00e9seau institutionnel local \u00bb du projet INRA\/Icarda &#8211; Montagne\/Talzemt.<\/p>\n","protected":false},"excerpt":{"rendered":"<p>Le CRRA Mekn\u00e8s a accueilli, du 11 au 13 mars, en voyage d&rsquo;\u00e9tude le bureau de la F\u00e9d\u00e9ration des associations et coop\u00e9ratives de Talzemt (Province de Boulemane). Outre la visite du CRRA Mekn\u00e8s, le voyage a concern\u00e9 la rencontre avec &hellip; <a href=\"http:\/\/inrameknes.info\/?p=453\">Continuer la lecture <span class=\"meta-nav\">&rarr;<\/span><\/a><\/p>\n","protected":false},"author":1,"featured_media":0,"comment_status":"closed","ping_status":"closed","sticky":false,"template":"","format":"standard","meta":{"footnotes":""},"categories":[11],"tags":[29,97,98,28,96],"class_list":["post-453","post","type-post","status-publish","format-standard","hentry","category-actualites","tag-agriculture-de-montagne","tag-associations","tag-cooperatives","tag-montagne","tag-talzemt"],"_links":{"self":[{"href":"http:\/\/inrameknes.info\/index.php?rest_route=\/wp\/v2\/posts\/453","targetHints":{"allow":["GET"]}}],"collection":[{"href":"http:\/\/inrameknes.info\/index.php?rest_route=\/wp\/v2\/posts"}],"about":[{"href":"http:\/\/inrameknes.info\/index.php?rest_route=\/wp\/v2\/types\/post"}],"author":[{"embeddable":true,"href":"http:\/\/inrameknes.info\/index.php?rest_route=\/wp\/v2\/users\/1"}],"replies":[{"embeddable":true,"href":"http:\/\/inrameknes.info\/index.php?rest_route=%2Fwp%2Fv2%2Fcomments&post=453"}],"version-history":[{"count":1,"href":"http:\/\/inrameknes.info\/index.php?rest_route=\/wp\/v2\/posts\/453\/revisions"}],"predecessor-version":[{"id":455,"href":"http:\/\/inrameknes.info\/index.php?rest_route=\/wp\/v2\/posts\/453\/revisions\/455"}],"wp:attachment":[{"href":"http:\/\/inrameknes.info\/index.php?rest_route=%2Fwp%2Fv2%2Fmedia&parent=453"}],"wp:term":[{"taxonomy":"category","embeddable":true,"href":"http:\/\/inrameknes.info\/index.php?rest_route=%2Fwp%2Fv2%2Fcategories&post=453"},{"taxonomy":"post_tag","embeddable":true,"href":"http:\/\/inrameknes.info\/index.php?rest_route=%2Fwp%2Fv2%2Ftags&post=453"}],"curies":[{"name":"wp","href":"https:\/\/api.w.org\/{rel}","templated":true}]}}