{"id":3828,"date":"2022-01-26T12:30:15","date_gmt":"2022-01-26T11:30:15","guid":{"rendered":"http:\/\/inrameknes.info\/?p=3828"},"modified":"2022-01-26T12:36:15","modified_gmt":"2022-01-26T11:36:15","slug":"journee-le-caroubier-une-filiere-prometteuse-orientee-vers-la-valorisation-et-lexport","status":"publish","type":"post","link":"http:\/\/inrameknes.info\/?p=3828","title":{"rendered":"Journ\u00e9e \u2018Le Caroubier : une fili\u00e8re prometteuse orient\u00e9e vers la valorisation et l\u2019export\u2019"},"content":{"rendered":"<p><a href=\"http:\/\/inrameknes.info\/wp-content\/uploads\/2022\/01\/caroubier_Page_1.jpg\"><img loading=\"lazy\" decoding=\"async\" class=\"aligncenter wp-image-3830 size-large\" src=\"http:\/\/inrameknes.info\/wp-content\/uploads\/2022\/01\/caroubier_Page_1-1024x721.jpg\" alt=\"caroubier_Page_1\" width=\"640\" height=\"450\" srcset=\"http:\/\/inrameknes.info\/wp-content\/uploads\/2022\/01\/caroubier_Page_1-1024x721.jpg 1024w, http:\/\/inrameknes.info\/wp-content\/uploads\/2022\/01\/caroubier_Page_1-300x211.jpg 300w, http:\/\/inrameknes.info\/wp-content\/uploads\/2022\/01\/caroubier_Page_1.jpg 1596w\" sizes=\"auto, (max-width: 640px) 100vw, 640px\" \/><\/a>La journ\u00e9e \u2018<strong>Le Caroubier\u00a0: une fili\u00e8re prometteuse orient\u00e9e vers la valorisation et l\u2019export\u2019<\/strong> est organis\u00e9e ce mercredi 26 janvier 2022 au Qualipole Alimentation de Mekn\u00e8s \u00e0 l\u2019initiative de l\u2019Association <a href=\"https:\/\/agrinova.ma\/\" target=\"_blank\">Agripole Innovation Mekn\u00e8s (AGRINOVA)<\/a>, de la FEDAM (F\u00e9d\u00e9ration interprofessionnelle de la fili\u00e8re de l&rsquo;arboriculture fruiti\u00e8re), de l\u2019INRA (CRRA Mekn\u00e8s) et de la Direction R\u00e9gionale de l\u2019Agriculture F\u00e8s-Mekn\u00e8s.<\/p>\n<p><a href=\"http:\/\/inrameknes.info\/wp-content\/uploads\/2022\/01\/Pannel-de-pr\u00e9sidence.jpg\"><img loading=\"lazy\" decoding=\"async\" class=\"aligncenter size-large wp-image-3833\" src=\"http:\/\/inrameknes.info\/wp-content\/uploads\/2022\/01\/Pannel-de-pr\u00e9sidence-1024x353.jpg\" alt=\"Pannel de pr\u00e9sidence\" width=\"640\" height=\"220\" srcset=\"http:\/\/inrameknes.info\/wp-content\/uploads\/2022\/01\/Pannel-de-pr\u00e9sidence-1024x353.jpg 1024w, http:\/\/inrameknes.info\/wp-content\/uploads\/2022\/01\/Pannel-de-pr\u00e9sidence-300x103.jpg 300w\" sizes=\"auto, (max-width: 640px) 100vw, 640px\" \/><\/a><\/p>\n<p>Devant une large assistance constitu\u00e9e en l\u2019occurrence de nombreux professionnels, l\u2019ouverture de cet \u00e9v\u00e8nement a \u00e9t\u00e9 assur\u00e9e par Mr Tayab Snoussi &#8211; Pr\u00e9sident FEDAM, Dr Abdelaziz Yasri \u2013 Secr\u00e9taire G\u00e9n\u00e9rale INRA et Mr Kamal Hidane \u2013 Directeur R\u00e9gional de l\u2019Agriculture F\u00e8s-Mekn\u00e8s.<!--more--><\/p>\n<div id=\"attachment_3834\" style=\"width: 159px\" class=\"wp-caption alignleft\"><a href=\"http:\/\/inrameknes.info\/wp-content\/uploads\/2022\/01\/Dr-Abdelaziz-Yasri-SG-INRA.jpg\"><img loading=\"lazy\" decoding=\"async\" aria-describedby=\"caption-attachment-3834\" class=\"wp-image-3834 size-medium\" src=\"http:\/\/inrameknes.info\/wp-content\/uploads\/2022\/01\/Dr-Abdelaziz-Yasri-SG-INRA-149x300.jpg\" alt=\"Dr Abdelaziz Yasri - SG INRA\" width=\"149\" height=\"300\" srcset=\"http:\/\/inrameknes.info\/wp-content\/uploads\/2022\/01\/Dr-Abdelaziz-Yasri-SG-INRA-149x300.jpg 149w, http:\/\/inrameknes.info\/wp-content\/uploads\/2022\/01\/Dr-Abdelaziz-Yasri-SG-INRA-511x1024.jpg 511w\" sizes=\"auto, (max-width: 149px) 100vw, 149px\" \/><\/a><p id=\"caption-attachment-3834\" class=\"wp-caption-text\">Dr Abdelaziz Yasri &#8211; SG INRA<\/p><\/div>\n<p>Mr Abdelaziz Yasri, donnant un mot d\u2019ouverture au nom du Directeur INRA, a f\u00e9licit\u00e9 l\u2019AGRINOVA Mekn\u00e8s pour son grand dynamisme et pour le choix du th\u00e8me de la pr\u00e9sente manifestation, le caroubier, qui \u00e9merge en tant que culture alternative dans le contexte actuel du changement climatique, tant pour sa r\u00e9silience que pour sa plus-value consid\u00e9rable pour les agriculteurs et pour la transformation.<\/p>\n<p>A l\u2019<a href=\"http:\/\/inrameknes.info\/wp-content\/uploads\/2022\/01\/Programme-de-la-Journ\u00e9e-Caroubier.pdf\" target=\"_blank\">ordre du jour de cette journ\u00e9e<\/a>, deux interventions INRA sont programm\u00e9e dont la premi\u00e8re, donn\u00e9e par Dr Ahmed El Bekkali (chercheur au CRRA Mekn\u00e8s), d\u00e9di\u00e9e aux acquis et perspectives de recherche sur le caroubier quant aux aspects g\u00e9n\u00e9tiques et agronomiques en l\u2019occurrence. Dr El Bekkali a tenu en l\u2019occasion \u00e0 rendre hommage au chercheur INRA Mekn\u00e8s, Feu Ali Mamouni, dont les travaux instigateurs ont jet\u00e9 les jalons des recherches sur le caroubier. Il a aussi mis en exergue l\u2019apport de l\u2019\u00e9quipe Caroubier du CRRA Mekn\u00e8s constitu\u00e9e en outre de Dr R. Razouk, Dr L. Hssaini sans oublier l\u2019apport de Mr A. Mekkaoui (technicien actuellement retrait\u00e9). La deuxi\u00e8me communication portant sur les acquis de l\u2019INRA en mati\u00e8re de transformation des caroubes est assur\u00e9e par Dr Kaoutar El Fazazi (CRRA Tadla).<\/p>\n<div id=\"attachment_3835\" style=\"width: 650px\" class=\"wp-caption aligncenter\"><a href=\"http:\/\/inrameknes.info\/wp-content\/uploads\/2022\/01\/Partie-de-lassistance.jpg\"><img loading=\"lazy\" decoding=\"async\" aria-describedby=\"caption-attachment-3835\" class=\"size-large wp-image-3835\" src=\"http:\/\/inrameknes.info\/wp-content\/uploads\/2022\/01\/Partie-de-lassistance-1024x468.jpg\" alt=\"Partie de l'assistance\" width=\"640\" height=\"292\" srcset=\"http:\/\/inrameknes.info\/wp-content\/uploads\/2022\/01\/Partie-de-lassistance-1024x468.jpg 1024w, http:\/\/inrameknes.info\/wp-content\/uploads\/2022\/01\/Partie-de-lassistance-300x137.jpg 300w\" sizes=\"auto, (max-width: 640px) 100vw, 640px\" \/><\/a><p id=\"caption-attachment-3835\" class=\"wp-caption-text\">Partie de l&rsquo;assistance<\/p><\/div>\n<p><a href=\"http:\/\/inrameknes.info\/wp-content\/uploads\/2022\/01\/Programme-de-la-Journ\u00e9e-Caroubier.pdf\" target=\"_blank\">Programme de la Journ\u00e9e Caroubier<\/a><\/p>\n","protected":false},"excerpt":{"rendered":"<p>La journ\u00e9e \u2018Le Caroubier\u00a0: une fili\u00e8re prometteuse orient\u00e9e vers la valorisation et l\u2019export\u2019 est organis\u00e9e ce mercredi 26 janvier 2022 au Qualipole Alimentation de Mekn\u00e8s \u00e0 l\u2019initiative de l\u2019Association Agripole Innovation Mekn\u00e8s (AGRINOVA), de la FEDAM (F\u00e9d\u00e9ration interprofessionnelle de la &hellip; <a href=\"http:\/\/inrameknes.info\/?p=3828\">Continuer la lecture <span class=\"meta-nav\">&rarr;<\/span><\/a><\/p>\n","protected":false},"author":1,"featured_media":0,"comment_status":"closed","ping_status":"closed","sticky":false,"template":"","format":"standard","meta":{"footnotes":""},"categories":[82],"tags":[343,209,192,756,755,429,163],"class_list":["post-3828","post","type-post","status-publish","format-standard","hentry","category-seminaires","tag-agrinova","tag-ahmed-el-bekkali","tag-caroubier","tag-fedam","tag-kaoutar-el-fazazi","tag-seminaire","tag-urapcrg"],"_links":{"self":[{"href":"http:\/\/inrameknes.info\/index.php?rest_route=\/wp\/v2\/posts\/3828","targetHints":{"allow":["GET"]}}],"collection":[{"href":"http:\/\/inrameknes.info\/index.php?rest_route=\/wp\/v2\/posts"}],"about":[{"href":"http:\/\/inrameknes.info\/index.php?rest_route=\/wp\/v2\/types\/post"}],"author":[{"embeddable":true,"href":"http:\/\/inrameknes.info\/index.php?rest_route=\/wp\/v2\/users\/1"}],"replies":[{"embeddable":true,"href":"http:\/\/inrameknes.info\/index.php?rest_route=%2Fwp%2Fv2%2Fcomments&post=3828"}],"version-history":[{"count":6,"href":"http:\/\/inrameknes.info\/index.php?rest_route=\/wp\/v2\/posts\/3828\/revisions"}],"predecessor-version":[{"id":3839,"href":"http:\/\/inrameknes.info\/index.php?rest_route=\/wp\/v2\/posts\/3828\/revisions\/3839"}],"wp:attachment":[{"href":"http:\/\/inrameknes.info\/index.php?rest_route=%2Fwp%2Fv2%2Fmedia&parent=3828"}],"wp:term":[{"taxonomy":"category","embeddable":true,"href":"http:\/\/inrameknes.info\/index.php?rest_route=%2Fwp%2Fv2%2Fcategories&post=3828"},{"taxonomy":"post_tag","embeddable":true,"href":"http:\/\/inrameknes.info\/index.php?rest_route=%2Fwp%2Fv2%2Ftags&post=3828"}],"curies":[{"name":"wp","href":"https:\/\/api.w.org\/{rel}","templated":true}]}}