{"id":3680,"date":"2021-09-09T10:40:29","date_gmt":"2021-09-09T09:40:29","guid":{"rendered":"http:\/\/inrameknes.info\/?p=3680"},"modified":"2021-09-09T10:40:29","modified_gmt":"2021-09-09T09:40:29","slug":"article-scientifique-lintention-entrepreneuriale-chez-les-jeunes-ruraux-membres-des-cooperatives-agricoles-au-maroc-lavenir-de-lentrepreneuriat-rural","status":"publish","type":"post","link":"http:\/\/inrameknes.info\/?p=3680","title":{"rendered":"Article scientifique : L&rsquo;intention entrepreneuriale chez les jeunes ruraux membres des coop\u00e9ratives agricoles au Maroc : l&rsquo;avenir de l&rsquo;entrepreneuriat rural."},"content":{"rendered":"<p><strong><a href=\"http:\/\/inrameknes.info\/wp-content\/uploads\/2021\/07\/Sust.jpg\"><img loading=\"lazy\" decoding=\"async\" class=\"alignleft size-medium wp-image-3660\" src=\"http:\/\/inrameknes.info\/wp-content\/uploads\/2021\/07\/Sust-300x77.jpg\" alt=\"\" width=\"300\" height=\"77\" srcset=\"http:\/\/inrameknes.info\/wp-content\/uploads\/2021\/07\/Sust-300x77.jpg 300w, http:\/\/inrameknes.info\/wp-content\/uploads\/2021\/07\/Sust.jpg 362w\" sizes=\"auto, (max-width: 300px) 100vw, 300px\" \/><\/a>Intitul\u00e9<\/strong>\u00a0: Entrepreneurial Intention among Rural Youth in Moroccan Agricultural Cooperatives: The Future of Rural Entrepreneurship.<\/p>\n<p>(<strong>Fr<\/strong>\u00a0: L&rsquo;intention entrepreneuriale chez les jeunes ruraux membres des coop\u00e9ratives agricoles au Maroc : l&rsquo;avenir de l&rsquo;entrepreneuriat rural.)<\/p>\n<p><strong>Auteurs<\/strong>\u00a0: Bouichou, E.H. (1,3); Abdoulaye, T.(2); Allali, K.(3); Bouayad, A.(4); Fadlaoui, A.(1).<\/p>\n<p>(1) INRA CRRA Mekn\u00e8s \u2013 (2)\u00a0: IITA Bamako &#8211; (3)\u00a0: IAV Hassan II Rabat \u2013 (4) FSEJS Mekn\u00e8s.<\/p>\n<p><strong>Journal<\/strong>\u00a0: MDPI and ACS Style \/ <a href=\"https:\/\/www.mdpi.com\/journal\/sustainability\" target=\"_blank\">Sustainability <\/a>2021, 13, 9247. https:\/\/doi.org\/10.3390\/su13169247<\/p>\n<p><a href=\"https:\/\/www.mdpi.com\/2071-1050\/13\/16\/9247\" target=\"_blank\"><strong>R\u00e9sum\u00e9 et texte int\u00e9gral<\/strong><\/a><\/p>\n","protected":false},"excerpt":{"rendered":"<p>Intitul\u00e9\u00a0: Entrepreneurial Intention among Rural Youth in Moroccan Agricultural Cooperatives: The Future of Rural Entrepreneurship. (Fr\u00a0: L&rsquo;intention entrepreneuriale chez les jeunes ruraux membres des coop\u00e9ratives agricoles au Maroc : l&rsquo;avenir de l&rsquo;entrepreneuriat rural.) Auteurs\u00a0: Bouichou, E.H. (1,3); Abdoulaye, T.(2); Allali, &hellip; <a href=\"http:\/\/inrameknes.info\/?p=3680\">Continuer la lecture <span class=\"meta-nav\">&rarr;<\/span><\/a><\/p>\n","protected":false},"author":1,"featured_media":0,"comment_status":"closed","ping_status":"closed","sticky":false,"template":"","format":"standard","meta":{"footnotes":""},"categories":[85],"tags":[73,295,98,743,468,25,650,24,99,495],"class_list":["post-3680","post","type-post","status-publish","format-standard","hentry","category-articles-scientifiques","tag-article-scientifique","tag-bouichou","tag-cooperatives","tag-entreprenariat","tag-fadlaoui","tag-jeunes-ruraux","tag-organisation","tag-socio-economie","tag-urapv","tag-urgrnseq"],"_links":{"self":[{"href":"http:\/\/inrameknes.info\/index.php?rest_route=\/wp\/v2\/posts\/3680","targetHints":{"allow":["GET"]}}],"collection":[{"href":"http:\/\/inrameknes.info\/index.php?rest_route=\/wp\/v2\/posts"}],"about":[{"href":"http:\/\/inrameknes.info\/index.php?rest_route=\/wp\/v2\/types\/post"}],"author":[{"embeddable":true,"href":"http:\/\/inrameknes.info\/index.php?rest_route=\/wp\/v2\/users\/1"}],"replies":[{"embeddable":true,"href":"http:\/\/inrameknes.info\/index.php?rest_route=%2Fwp%2Fv2%2Fcomments&post=3680"}],"version-history":[{"count":1,"href":"http:\/\/inrameknes.info\/index.php?rest_route=\/wp\/v2\/posts\/3680\/revisions"}],"predecessor-version":[{"id":3681,"href":"http:\/\/inrameknes.info\/index.php?rest_route=\/wp\/v2\/posts\/3680\/revisions\/3681"}],"wp:attachment":[{"href":"http:\/\/inrameknes.info\/index.php?rest_route=%2Fwp%2Fv2%2Fmedia&parent=3680"}],"wp:term":[{"taxonomy":"category","embeddable":true,"href":"http:\/\/inrameknes.info\/index.php?rest_route=%2Fwp%2Fv2%2Fcategories&post=3680"},{"taxonomy":"post_tag","embeddable":true,"href":"http:\/\/inrameknes.info\/index.php?rest_route=%2Fwp%2Fv2%2Ftags&post=3680"}],"curies":[{"name":"wp","href":"https:\/\/api.w.org\/{rel}","templated":true}]}}