{"id":3669,"date":"2021-08-03T12:33:51","date_gmt":"2021-08-03T11:33:51","guid":{"rendered":"http:\/\/inrameknes.info\/?p=3669"},"modified":"2021-08-03T12:36:23","modified_gmt":"2021-08-03T11:36:23","slug":"innovation-numerique-au-service-de-la-promotion-de-lagriculture-4-0-dans-la-region-fes-meknes","status":"publish","type":"post","link":"http:\/\/inrameknes.info\/?p=3669","title":{"rendered":"Innovation num\u00e9rique au service de la promotion de l\u2019agriculture dans la r\u00e9gion F\u00e8s-Mekn\u00e8s"},"content":{"rendered":"<p><a href=\"http:\/\/inrameknes.info\/wp-content\/uploads\/2021\/08\/IMG_0302.jpg\"><img loading=\"lazy\" decoding=\"async\" class=\"aligncenter wp-image-3671 size-large\" src=\"http:\/\/inrameknes.info\/wp-content\/uploads\/2021\/08\/IMG_0302-1024x512.jpg\" alt=\"\" width=\"640\" height=\"320\" srcset=\"http:\/\/inrameknes.info\/wp-content\/uploads\/2021\/08\/IMG_0302-1024x512.jpg 1024w, http:\/\/inrameknes.info\/wp-content\/uploads\/2021\/08\/IMG_0302-300x150.jpg 300w, http:\/\/inrameknes.info\/wp-content\/uploads\/2021\/08\/IMG_0302.jpg 2000w\" sizes=\"auto, (max-width: 640px) 100vw, 640px\" \/><\/a>L\u2019atelier \u00ab Innovation num\u00e9rique au service de la promotion de l\u2019agriculture 4.0 dans la r\u00e9gion F\u00e8s-Mekn\u00e8s \u00bb a \u00e9t\u00e9 organis\u00e9 le 14 juillet 2021 au Qualipole Alimentation de Mekn\u00e8s \u00e0 l\u2019initiative de la DRA F\u00e8s-Mekn\u00e8s, du CRRA Mekn\u00e8s et de l\u2019association <a href=\"https:\/\/agrinova.ma\/\" target=\"_blank\">Agripole Innovation Mekn\u00e8s (AGRINOVA)<\/a>.<\/p>\n<p>Anim\u00e9e par de nombreux intervenants dont Dr Salma El Iraqui El Houssaini (INRA \u2013 CRRA Mekn\u00e8s), cette manifestation s\u2019inscrit dans la dynamique de l\u2019Agropole de Mekn\u00e8s et vise \u00e0 cr\u00e9er le Club d\u2019innovation digitale \u00abAgrinova 4.0\u00bb qui associe des experts du digital et les professionnels du secteur agricole demandeurs de solutions num\u00e9riques au niveau de notre r\u00e9gion.<\/p>\n<p>Le p\u00f4le de comp\u00e9titivit\u00e9 de Mekn\u00e8s <a href=\"https:\/\/agrinova.ma\/\" target=\"_blank\">AGRINOVA<\/a>, constitue l&rsquo;interface entre les \u00e9tablissements de recherche scientifique et les professionnels du secteur agro et bio-industriel de la r\u00e9gion de F\u00e8s-Mekn\u00e8s. Il regroupe la majorit\u00e9 des entreprises agricoles et agro-industrielles de la r\u00e9gion, les organisations interprofessionnelles de diff\u00e9rentes fili\u00e8res, les institutions de recherche, de formation et le d\u00e9partement de l&rsquo;Agriculture.<\/p>\n<p>Pour r\u00e9ponde aux besoins sp\u00e9cifiques de la r\u00e9gion, l\u2019<a href=\"https:\/\/agrinova.ma\/\" target=\"_blank\">AGRINOVA<\/a> a mis en place des clubs d\u2019innovation autour d\u2019agro chaines sp\u00e9cifiques et dont les principaux objectifs concernent le rassemblement des responsables RD des instituts de recherche et les responsables d\u2019entreprises agricole et agroalimentaire autour d&rsquo;actions collaboratives de recherche-d\u00e9veloppement ainsi que l\u2019organisation de rencontres d\u2019\u00e9changes et de formation autour des probl\u00e9matiques li\u00e9es \u00e0 l\u2019innovation.<\/p>\n","protected":false},"excerpt":{"rendered":"<p>L\u2019atelier \u00ab Innovation num\u00e9rique au service de la promotion de l\u2019agriculture 4.0 dans la r\u00e9gion F\u00e8s-Mekn\u00e8s \u00bb a \u00e9t\u00e9 organis\u00e9 le 14 juillet 2021 au Qualipole Alimentation de Mekn\u00e8s \u00e0 l\u2019initiative de la DRA F\u00e8s-Mekn\u00e8s, du CRRA Mekn\u00e8s et de &hellip; <a href=\"http:\/\/inrameknes.info\/?p=3669\">Continuer la lecture <span class=\"meta-nav\">&rarr;<\/span><\/a><\/p>\n","protected":false},"author":1,"featured_media":0,"comment_status":"closed","ping_status":"closed","sticky":false,"template":"","format":"standard","meta":{"footnotes":""},"categories":[82],"tags":[622,740,251,429],"class_list":["post-3669","post","type-post","status-publish","format-standard","hentry","category-seminaires","tag-agriculture-de-precision","tag-agriculture-digitale","tag-atelier","tag-seminaire"],"_links":{"self":[{"href":"http:\/\/inrameknes.info\/index.php?rest_route=\/wp\/v2\/posts\/3669","targetHints":{"allow":["GET"]}}],"collection":[{"href":"http:\/\/inrameknes.info\/index.php?rest_route=\/wp\/v2\/posts"}],"about":[{"href":"http:\/\/inrameknes.info\/index.php?rest_route=\/wp\/v2\/types\/post"}],"author":[{"embeddable":true,"href":"http:\/\/inrameknes.info\/index.php?rest_route=\/wp\/v2\/users\/1"}],"replies":[{"embeddable":true,"href":"http:\/\/inrameknes.info\/index.php?rest_route=%2Fwp%2Fv2%2Fcomments&post=3669"}],"version-history":[{"count":5,"href":"http:\/\/inrameknes.info\/index.php?rest_route=\/wp\/v2\/posts\/3669\/revisions"}],"predecessor-version":[{"id":3675,"href":"http:\/\/inrameknes.info\/index.php?rest_route=\/wp\/v2\/posts\/3669\/revisions\/3675"}],"wp:attachment":[{"href":"http:\/\/inrameknes.info\/index.php?rest_route=%2Fwp%2Fv2%2Fmedia&parent=3669"}],"wp:term":[{"taxonomy":"category","embeddable":true,"href":"http:\/\/inrameknes.info\/index.php?rest_route=%2Fwp%2Fv2%2Fcategories&post=3669"},{"taxonomy":"post_tag","embeddable":true,"href":"http:\/\/inrameknes.info\/index.php?rest_route=%2Fwp%2Fv2%2Ftags&post=3669"}],"curies":[{"name":"wp","href":"https:\/\/api.w.org\/{rel}","templated":true}]}}