{"id":3662,"date":"2021-07-19T09:40:42","date_gmt":"2021-07-19T08:40:42","guid":{"rendered":"http:\/\/inrameknes.info\/?p=3662"},"modified":"2021-07-19T09:41:51","modified_gmt":"2021-07-19T08:41:51","slug":"article-scientifique-spectroscopie-atr-ftir-combinee-a-lactivite-antioxydante-in-vitro-et-a-la-chromaticite-pour-une-discrimination-rapide-des-cultivars-du-figuiers-ficus-carica-l","status":"publish","type":"post","link":"http:\/\/inrameknes.info\/?p=3662","title":{"rendered":"Article scientifique : Spectroscopie ATR-FTIR combin\u00e9e \u00e0 l&rsquo;activit\u00e9 antioxydante in vitro et \u00e0 la chromaticit\u00e9 pour une discrimination rapide des cultivars du figuiers (Ficus carica L.)"},"content":{"rendered":"<p><strong><a href=\"http:\/\/inrameknes.info\/wp-content\/uploads\/2021\/07\/OIP.jpg\"><img loading=\"lazy\" decoding=\"async\" class=\"alignleft size-full wp-image-3664\" src=\"http:\/\/inrameknes.info\/wp-content\/uploads\/2021\/07\/OIP.jpg\" alt=\"\" width=\"156\" height=\"225\" \/><\/a>Intitul\u00e9<\/strong>\u00a0:ATR\u2013FTIR Spectroscopy Combined with the Invitro Antioxidant Activity and Chromaticity for Rapid Discrimination of Fig (<em>Ficus carica<\/em> L.) Cultivars.<\/p>\n<p>(<strong>Fr<\/strong>\u00a0: Spectroscopie ATR-FTIR combin\u00e9e \u00e0 l&rsquo;activit\u00e9 antioxydante in vitro et \u00e0 la chromaticit\u00e9 pour une discrimination rapide des cultivars du figuier <em>Ficus carica <\/em>L.)<\/p>\n<p><strong>Auteurs<\/strong>\u00a0: Lahcen Hssaini(1), Rachida Ouaabou(2), Rachid Razouk(1), Jamal Charafi(1), Hafida Hanine(3), Karim Houmanat(1), Said Ennahli(4) &amp; Rachid Lahlali(4).<\/p>\n<p>(1) INRA CRRA Mekn\u00e8s \u2013 (2) FS Marrakech \u2013 (3) FST Beni Mellal \u2013 (4) ENA Mekn\u00e8s.<\/p>\n<p><strong>Journal<\/strong>\u00a0: <a href=\"https:\/\/www.springer.com\/journal\/41664\" target=\"_blank\">Journal of Analysis and Testing<\/a>\u00a0\/ Springer\u00a0(2021). DOI : https:\/\/doi.org\/10.1007\/s41664-021-00189-6<\/p>\n<p><a href=\"https:\/\/link.springer.com\/article\/10.1007\/s41664-021-00189-6\" target=\"_blank\"><strong>R\u00e9sum\u00e9<\/strong><\/a><\/p>\n","protected":false},"excerpt":{"rendered":"<p>Intitul\u00e9\u00a0:ATR\u2013FTIR Spectroscopy Combined with the Invitro Antioxidant Activity and Chromaticity for Rapid Discrimination of Fig (Ficus carica L.) Cultivars. (Fr\u00a0: Spectroscopie ATR-FTIR combin\u00e9e \u00e0 l&rsquo;activit\u00e9 antioxydante in vitro et \u00e0 la chromaticit\u00e9 pour une discrimination rapide des cultivars du figuier &hellip; <a href=\"http:\/\/inrameknes.info\/?p=3662\">Continuer la lecture <span class=\"meta-nav\">&rarr;<\/span><\/a><\/p>\n","protected":false},"author":1,"featured_media":0,"comment_status":"closed","ping_status":"closed","sticky":false,"template":"","format":"standard","meta":{"footnotes":""},"categories":[85],"tags":[73,37,733,84,72,163,99],"class_list":["post-3662","post","type-post","status-publish","format-standard","hentry","category-articles-scientifiques","tag-article-scientifique","tag-figuier","tag-hssaini-lahcen","tag-jamal-charafi","tag-rachid-razouk","tag-urapcrg","tag-urapv"],"_links":{"self":[{"href":"http:\/\/inrameknes.info\/index.php?rest_route=\/wp\/v2\/posts\/3662","targetHints":{"allow":["GET"]}}],"collection":[{"href":"http:\/\/inrameknes.info\/index.php?rest_route=\/wp\/v2\/posts"}],"about":[{"href":"http:\/\/inrameknes.info\/index.php?rest_route=\/wp\/v2\/types\/post"}],"author":[{"embeddable":true,"href":"http:\/\/inrameknes.info\/index.php?rest_route=\/wp\/v2\/users\/1"}],"replies":[{"embeddable":true,"href":"http:\/\/inrameknes.info\/index.php?rest_route=%2Fwp%2Fv2%2Fcomments&post=3662"}],"version-history":[{"count":4,"href":"http:\/\/inrameknes.info\/index.php?rest_route=\/wp\/v2\/posts\/3662\/revisions"}],"predecessor-version":[{"id":3667,"href":"http:\/\/inrameknes.info\/index.php?rest_route=\/wp\/v2\/posts\/3662\/revisions\/3667"}],"wp:attachment":[{"href":"http:\/\/inrameknes.info\/index.php?rest_route=%2Fwp%2Fv2%2Fmedia&parent=3662"}],"wp:term":[{"taxonomy":"category","embeddable":true,"href":"http:\/\/inrameknes.info\/index.php?rest_route=%2Fwp%2Fv2%2Fcategories&post=3662"},{"taxonomy":"post_tag","embeddable":true,"href":"http:\/\/inrameknes.info\/index.php?rest_route=%2Fwp%2Fv2%2Ftags&post=3662"}],"curies":[{"name":"wp","href":"https:\/\/api.w.org\/{rel}","templated":true}]}}