{"id":3587,"date":"2021-06-23T16:14:46","date_gmt":"2021-06-23T15:14:46","guid":{"rendered":"http:\/\/inrameknes.info\/?p=3587"},"modified":"2021-06-23T16:18:46","modified_gmt":"2021-06-23T15:18:46","slug":"article-scientifique-effet-combine-du-cultivar-et-de-la-chromaticite-de-lepiderme-du-fruit-sur-les-metabolites-primaires-et-secondaires-des-figues-etude-preliminaire-par-empreintes-biochi","status":"publish","type":"post","link":"http:\/\/inrameknes.info\/?p=3587","title":{"rendered":"Article scientifique : Effet combin\u00e9 du cultivar et de la chromaticit\u00e9 de l\u2019\u00e9piderme du fruit sur les m\u00e9tabolites primaires et secondaires des figues : \u00c9tude pr\u00e9liminaire par empreintes biochimiques et FTIR coupl\u00e9es \u00e0 la chimiom\u00e9trie."},"content":{"rendered":"<p><strong><a href=\"http:\/\/inrameknes.info\/wp-content\/uploads\/2021\/06\/Biology.jpg\"><img loading=\"lazy\" decoding=\"async\" class=\"alignleft wp-image-3589\" src=\"http:\/\/inrameknes.info\/wp-content\/uploads\/2021\/06\/Biology-300x63.jpg\" alt=\"\" width=\"260\" height=\"55\" srcset=\"http:\/\/inrameknes.info\/wp-content\/uploads\/2021\/06\/Biology-300x63.jpg 300w, http:\/\/inrameknes.info\/wp-content\/uploads\/2021\/06\/Biology.jpg 437w\" sizes=\"auto, (max-width: 260px) 100vw, 260px\" \/><\/a>Intitul\u00e9<\/strong>\u00a0: Combined Effect of Cultivar and Peel Chromaticity on Figs\u2019 Primary and Secondary Metabolites: Preliminary Study Using Biochemical and FTIR Fingerprinting Coupled to Chemometrics.<\/p>\n<p>(<strong>Fr<\/strong>\u00a0: Effet combin\u00e9 du cultivar et de la chromaticit\u00e9 de l\u2019\u00e9piderme du fruit sur les m\u00e9tabolites primaires et secondaires des figues : \u00c9tude pr\u00e9liminaire par empreintes biochimiques et FTIR coupl\u00e9es \u00e0 la chimiom\u00e9trie.)<\/p>\n<p><strong>Auteurs<\/strong>\u00a0: <a href=\"https:\/\/www.researchgate.net\/profile\/Lahcen-Hssaini\" target=\"_blank\">Lahcen Hssaini<\/a>(1), Kaoutar Elfazazi(1), Rachid Razouk(1), Rachida Ouaabou(2), Francisca Hernandez(3), Hafida Hanine(4), Jamal Charafi(1), Karim Houmanat(1) et Rachid Aboutayeb(1).<\/p>\n<p>(1)\u00a0: INRA CRRA Mekn\u00e8s \u2013 (2)\u00a0: FS Marrakech \u2013 (3)\u00a0: Univ. Orihuela Espagne \u2013 (4)\u00a0: FST Beni Mellal.<\/p>\n<p><strong>Journal<\/strong>\u00a0: <a href=\"https:\/\/www.mdpi.com\/journal\/biology\" target=\"_blank\">Biology <\/a>2021 (<a href=\"https:\/\/www.mdpi.com\/\" target=\"_blank\">MDPI<\/a>), 10(7), 573; https:\/\/doi.org\/10.3390\/biology10070573<\/p>\n<p><a href=\"https:\/\/www.mdpi.com\/2079-7737\/10\/7\/573\" target=\"_blank\"><strong>R\u00e9sum\u00e9<\/strong><\/a>\u00a0&#8211;\u00a0<a href=\"https:\/\/www.mdpi.com\/2079-7737\/10\/7\/573\/htm\" target=\"_blank\"><strong>Lire l\u2019article<\/strong><\/a><\/p>\n","protected":false},"excerpt":{"rendered":"<p>Intitul\u00e9\u00a0: Combined Effect of Cultivar and Peel Chromaticity on Figs\u2019 Primary and Secondary Metabolites: Preliminary Study Using Biochemical and FTIR Fingerprinting Coupled to Chemometrics. (Fr\u00a0: Effet combin\u00e9 du cultivar et de la chromaticit\u00e9 de l\u2019\u00e9piderme du fruit sur les m\u00e9tabolites &hellip; <a href=\"http:\/\/inrameknes.info\/?p=3587\">Continuer la lecture <span class=\"meta-nav\">&rarr;<\/span><\/a><\/p>\n","protected":false},"author":1,"featured_media":0,"comment_status":"closed","ping_status":"closed","sticky":false,"template":"","format":"standard","meta":{"footnotes":""},"categories":[85],"tags":[73,734,677,542,37,733,84,845,163,99],"class_list":["post-3587","post","type-post","status-publish","format-standard","hentry","category-articles-scientifiques","tag-article-scientifique","tag-biochimie","tag-chimiometrie","tag-figues","tag-figuier","tag-hssaini-lahcen","tag-jamal-charafi","tag-razouk","tag-urapcrg","tag-urapv"],"_links":{"self":[{"href":"http:\/\/inrameknes.info\/index.php?rest_route=\/wp\/v2\/posts\/3587","targetHints":{"allow":["GET"]}}],"collection":[{"href":"http:\/\/inrameknes.info\/index.php?rest_route=\/wp\/v2\/posts"}],"about":[{"href":"http:\/\/inrameknes.info\/index.php?rest_route=\/wp\/v2\/types\/post"}],"author":[{"embeddable":true,"href":"http:\/\/inrameknes.info\/index.php?rest_route=\/wp\/v2\/users\/1"}],"replies":[{"embeddable":true,"href":"http:\/\/inrameknes.info\/index.php?rest_route=%2Fwp%2Fv2%2Fcomments&post=3587"}],"version-history":[{"count":3,"href":"http:\/\/inrameknes.info\/index.php?rest_route=\/wp\/v2\/posts\/3587\/revisions"}],"predecessor-version":[{"id":3591,"href":"http:\/\/inrameknes.info\/index.php?rest_route=\/wp\/v2\/posts\/3587\/revisions\/3591"}],"wp:attachment":[{"href":"http:\/\/inrameknes.info\/index.php?rest_route=%2Fwp%2Fv2%2Fmedia&parent=3587"}],"wp:term":[{"taxonomy":"category","embeddable":true,"href":"http:\/\/inrameknes.info\/index.php?rest_route=%2Fwp%2Fv2%2Fcategories&post=3587"},{"taxonomy":"post_tag","embeddable":true,"href":"http:\/\/inrameknes.info\/index.php?rest_route=%2Fwp%2Fv2%2Ftags&post=3587"}],"curies":[{"name":"wp","href":"https:\/\/api.w.org\/{rel}","templated":true}]}}