{"id":3029,"date":"2020-01-29T11:08:36","date_gmt":"2020-01-29T10:08:36","guid":{"rendered":"http:\/\/inrameknes.info\/?p=3029"},"modified":"2020-02-05T10:23:34","modified_gmt":"2020-02-05T09:23:34","slug":"atelier-international-xyllela-fastidiosa-diagnostic-controle-et-mesures-de-gestion-meknes-3-et-4-fevrier-2020","status":"publish","type":"post","link":"http:\/\/inrameknes.info\/?p=3029","title":{"rendered":"Atelier international : \u00ab Xylella fastidiosa : diagnostic, contr\u00f4le et mesures de gestion \u00bb, Mekn\u00e8s 3 et 4 f\u00e9vrier 2020"},"content":{"rendered":"<div id=\"attachment_3041\" style=\"width: 630px\" class=\"wp-caption aligncenter\"><a href=\"http:\/\/inrameknes.info\/wp-content\/uploads\/2020\/01\/IMG_9134.jpg\"><img loading=\"lazy\" decoding=\"async\" aria-describedby=\"caption-attachment-3041\" class=\"wp-image-3041\" src=\"http:\/\/inrameknes.info\/wp-content\/uploads\/2020\/01\/IMG_9134-1024x403.jpg\" alt=\"Panel de pr\u00e9sidence de l\u2019atelier international \u00ab Xyllela fastidiosa : diagnostic, contr\u00f4le et mesures de gestion \u00bb, Mekn\u00e8s 03 f\u00e9vrier 2020\" width=\"620\" height=\"244\" srcset=\"http:\/\/inrameknes.info\/wp-content\/uploads\/2020\/01\/IMG_9134-1024x403.jpg 1024w, http:\/\/inrameknes.info\/wp-content\/uploads\/2020\/01\/IMG_9134-300x118.jpg 300w\" sizes=\"auto, (max-width: 620px) 100vw, 620px\" \/><\/a><p id=\"caption-attachment-3041\" class=\"wp-caption-text\">Panel de pr\u00e9sidence de l\u2019atelier international \u00ab Xylella fastidiosa : diagnostic, contr\u00f4le et mesures de gestion \u00bb, Mekn\u00e8s 03 f\u00e9vrier 2020<\/p><\/div>\n<div id=\"attachment_3030\" style=\"width: 220px\" class=\"wp-caption alignright\"><a href=\"http:\/\/inrameknes.info\/wp-content\/uploads\/2020\/01\/Affiche-En.jpg\"><img loading=\"lazy\" decoding=\"async\" aria-describedby=\"caption-attachment-3030\" class=\"wp-image-3030 size-medium\" src=\"http:\/\/inrameknes.info\/wp-content\/uploads\/2020\/01\/Affiche-En-210x300.jpg\" alt=\"\" width=\"210\" height=\"300\" srcset=\"http:\/\/inrameknes.info\/wp-content\/uploads\/2020\/01\/Affiche-En-210x300.jpg 210w, http:\/\/inrameknes.info\/wp-content\/uploads\/2020\/01\/Affiche-En.jpg 618w\" sizes=\"auto, (max-width: 210px) 100vw, 210px\" \/><\/a><p id=\"caption-attachment-3030\" class=\"wp-caption-text\">Affiche atelier<\/p><\/div>\n<p>Devant une large audience de plus de 200 participantEs, l\u2019atelier international <strong>\u00ab\u00a0<em>Xylella fastidiosa<\/em> : diagnostic, contr\u00f4le et mesures de gestion \u00bb<\/strong>\u00a0a \u00e9t\u00e9 lanc\u00e9 ce lundi 03 f\u00e9vrier 2020 \u00e0 la salle des conf\u00e9rences du Qualip\u00f4le Alimentation de Mekn\u00e8s.\u00a0 Le panel de pr\u00e9sidence, conduit par Pr Mohamed Sadiki, Pr\u00e9sident du CIHEAM et Secr\u00e9taire G\u00e9n\u00e9ral du MAPMDREF, \u00e9tait constitu\u00e9 du Dr Faouzi Bekkaoui (Directeur INRA), du Directeur et du Vice Pr\u00e9sident du CIHEAM Bari; Mrs Maurizio Raeli et Pr Teodoro Miano, du Dr Maroun El Moujabber (Coordinteur du projet\u00a0CURE-XF) et de Mr Kamal Hidane (Directeur R\u00e9gional de l&rsquo;Agriculture de F\u00e8s-Mekn\u00e8s).<\/p>\n<p>Cet \u00e9v\u00e9nement scientifique anim\u00e9 par d\u2019\u00e9minents experts europ\u00e9ens a constitu\u00e9 une r\u00e9elle opportunit\u00e9 de renforcement des capacit\u00e9s des chercheurs et cadres nationaux et \u00e9manant d\u2019autres pays (Tunisie et Serbie) sur les diff\u00e9rents aspects de la bact\u00e9rie <em>Xylella fastidiosa<\/em>, fl\u00e9au qui \u00e9pargne le Maroc mais qui demeure des plus d\u00e9vastateur d\u2019une gamme importante d\u2019esp\u00e8ces v\u00e9g\u00e9tales dans le monde dont l\u2019olivier, la vigne, les agrumes, les plantes aromatiques et m\u00e9dicinales, etc.<\/p>\n<div id=\"attachment_3040\" style=\"width: 650px\" class=\"wp-caption aligncenter\"><a href=\"http:\/\/inrameknes.info\/wp-content\/uploads\/2020\/01\/IMG_9153.jpg\"><img loading=\"lazy\" decoding=\"async\" aria-describedby=\"caption-attachment-3040\" class=\"size-large wp-image-3040\" src=\"http:\/\/inrameknes.info\/wp-content\/uploads\/2020\/01\/IMG_9153-1024x207.jpg\" alt=\"Photo de groupe des paricipantEs \u00e0 L\u2019atelier international \u00ab Xyllela fastidiosa : diagnostic, contr\u00f4le et mesures de gestion \u00bb, Mekn\u00e8s 03 f\u00e9vrier 2020\" width=\"640\" height=\"129\" srcset=\"http:\/\/inrameknes.info\/wp-content\/uploads\/2020\/01\/IMG_9153-1024x207.jpg 1024w, http:\/\/inrameknes.info\/wp-content\/uploads\/2020\/01\/IMG_9153-300x60.jpg 300w\" sizes=\"auto, (max-width: 640px) 100vw, 640px\" \/><\/a><p id=\"caption-attachment-3040\" class=\"wp-caption-text\">Photo de groupe des paricipantEs \u00e0 L\u2019atelier international \u00ab Xylella fastidiosa : diagnostic, contr\u00f4le et mesures de gestion \u00bb, Mekn\u00e8s 03 f\u00e9vrier 2020<\/p><\/div>\n<p>L\u2019atelier a consist\u00e9 en des conf\u00e9rences th\u00e9oriques et des travaux pratiques sur le terrain et en laboratoire afin de sensibiliser aux menaces \u00e9mergentes pos\u00e9es par <em>Xylella fastidiosa<\/em>, fournir des connaissances scientifiques de base et des exp\u00e9riences pratiques sur diff\u00e9rents aspects soulignant les interactions complexes pathog\u00e8ne-h\u00f4tes-vecteurs et ma\u00eetriser l&rsquo;\u00e9valuation du risque phytosanitaire.<\/p>\n<p><!--more--><\/p>\n<p>Ce renforcement des capacit\u00e9s qui sera poursuivi en deuxi\u00e8me session \u00e0 Marrakech les 6 et 7 f\u00e9vrier 2020, profite \u00e0 des dizaines de chercheurs, d&rsquo;enseignants-chercheurs et de cadres du conseil et du d\u00e9veloppement agricole \u00e9manant de diff\u00e9rentes institutions et organisations du secteur agricole du Maroc (ONCA, ONSA, universit\u00e9s, profession&#8230;).<\/p>\n<p>L&rsquo;atelier\u00a0est co-organis\u00e9, sous l\u2019\u00e9gide du Minist\u00e8re de l\u2019Agriculture de la P\u00eache Maritime du D\u00e9veloppement Rural et des Eaux et For\u00eats, par l\u2019INRA Maroc et le Centre International des Hautes Etudes Agronomiques M\u00e9diterran\u00e9ennes (<a href=\"https:\/\/www.iamb.it\/en\/about\/bari_institute\" target=\"_blank\">CIHEAM Bari-Italie<\/a>) dans le cadre du projet europ\u00e9en <a title=\"Project &quot;Capacity Building and Raising Awareness in Europe and in Third Countries to Cope with Xylella fastidiosa&quot;\" href=\"http:\/\/www.cure-xf.eu\/\" target=\"_blank\">CURE-XF<\/a>.<\/p>\n<p><a href=\"http:\/\/inrameknes.info\/wp-content\/uploads\/2020\/01\/1st-CURE-XF-International-Workshop-Morocco-2-8-February-2020-2801-1-21.pdf\">Programme de l&rsquo;atelier<\/a><\/p>\n","protected":false},"excerpt":{"rendered":"<p>Devant une large audience de plus de 200 participantEs, l\u2019atelier international \u00ab\u00a0Xylella fastidiosa : diagnostic, contr\u00f4le et mesures de gestion \u00bb\u00a0a \u00e9t\u00e9 lanc\u00e9 ce lundi 03 f\u00e9vrier 2020 \u00e0 la salle des conf\u00e9rences du Qualip\u00f4le Alimentation de Mekn\u00e8s.\u00a0 Le panel &hellip; <a href=\"http:\/\/inrameknes.info\/?p=3029\">Continuer la lecture <span class=\"meta-nav\">&rarr;<\/span><\/a><\/p>\n","protected":false},"author":1,"featured_media":0,"comment_status":"closed","ping_status":"closed","sticky":false,"template":"","format":"standard","meta":{"footnotes":""},"categories":[82],"tags":[656,429,565],"class_list":["post-3029","post","type-post","status-publish","format-standard","hentry","category-seminaires","tag-ciheam-bari","tag-seminaire","tag-xyllela-fastidiosa"],"_links":{"self":[{"href":"http:\/\/inrameknes.info\/index.php?rest_route=\/wp\/v2\/posts\/3029","targetHints":{"allow":["GET"]}}],"collection":[{"href":"http:\/\/inrameknes.info\/index.php?rest_route=\/wp\/v2\/posts"}],"about":[{"href":"http:\/\/inrameknes.info\/index.php?rest_route=\/wp\/v2\/types\/post"}],"author":[{"embeddable":true,"href":"http:\/\/inrameknes.info\/index.php?rest_route=\/wp\/v2\/users\/1"}],"replies":[{"embeddable":true,"href":"http:\/\/inrameknes.info\/index.php?rest_route=%2Fwp%2Fv2%2Fcomments&post=3029"}],"version-history":[{"count":12,"href":"http:\/\/inrameknes.info\/index.php?rest_route=\/wp\/v2\/posts\/3029\/revisions"}],"predecessor-version":[{"id":3048,"href":"http:\/\/inrameknes.info\/index.php?rest_route=\/wp\/v2\/posts\/3029\/revisions\/3048"}],"wp:attachment":[{"href":"http:\/\/inrameknes.info\/index.php?rest_route=%2Fwp%2Fv2%2Fmedia&parent=3029"}],"wp:term":[{"taxonomy":"category","embeddable":true,"href":"http:\/\/inrameknes.info\/index.php?rest_route=%2Fwp%2Fv2%2Fcategories&post=3029"},{"taxonomy":"post_tag","embeddable":true,"href":"http:\/\/inrameknes.info\/index.php?rest_route=%2Fwp%2Fv2%2Ftags&post=3029"}],"curies":[{"name":"wp","href":"https:\/\/api.w.org\/{rel}","templated":true}]}}