{"id":2962,"date":"2019-12-12T12:14:16","date_gmt":"2019-12-12T11:14:16","guid":{"rendered":"http:\/\/inrameknes.info\/?p=2962"},"modified":"2019-12-12T12:14:48","modified_gmt":"2019-12-12T11:14:48","slug":"participation-de-linra-a-un-workshop-sur-lolivier-a-montpellier-france-5-6-decembre-2019","status":"publish","type":"post","link":"http:\/\/inrameknes.info\/?p=2962","title":{"rendered":"Participation de l\u2019INRA \u00e0 un Workshop sur l\u2019olivier \u00e0 Montpellier-France (5-6 d\u00e9cembre 2019)"},"content":{"rendered":"<p><a href=\"http:\/\/inrameknes.info\/wp-content\/uploads\/2019\/12\/Photo-publiee.jpg\"><img loading=\"lazy\" decoding=\"async\" class=\"aligncenter size-large wp-image-2964\" src=\"http:\/\/inrameknes.info\/wp-content\/uploads\/2019\/12\/Photo-publiee-1024x581.jpg\" alt=\"\" width=\"640\" height=\"363\" srcset=\"http:\/\/inrameknes.info\/wp-content\/uploads\/2019\/12\/Photo-publiee-1024x581.jpg 1024w, http:\/\/inrameknes.info\/wp-content\/uploads\/2019\/12\/Photo-publiee-300x170.jpg 300w, http:\/\/inrameknes.info\/wp-content\/uploads\/2019\/12\/Photo-publiee.jpg 1125w\" sizes=\"auto, (max-width: 640px) 100vw, 640px\" \/><\/a>Une d\u00e9l\u00e9gation INRA Maroc conduite par <a href=\"https:\/\/www.researchgate.net\/profile\/Faouzi_Bekkaoui\" target=\"_blank\">Dr Faouzi Bekkaoui<\/a>, Directeur de l\u2019<a href=\"https:\/\/www.inra.org.ma\" target=\"_blank\">INRA<\/a>, a pris part \u00e0 l\u2019atelier de cl\u00f4ture du projet OliveMed N\u00b0 1202-066 \u00ab <strong>Linking genes under domestication to phenotype traits in the Mediterranean olive tree: towards sustainable management by building a network of phenotyping platforms for association mapping studies<\/strong> \u00bb, organis\u00e9 au <a href=\"https:\/\/www.cirad.fr\" target=\"_blank\">CIRAD-Montpellier<\/a> le 5 et 6 D\u00e9cembre 2019. La d\u00e9l\u00e9gation INRA \u00e9tait \u00e9galement constitu\u00e9e de <a href=\"https:\/\/www.researchgate.net\/profile\/Imane_Thami-Alami\" target=\"_blank\">Dr Thami Aalami Imane<\/a> (Chef de la Division Scientifique) et des trois chercheurs olivier : <a href=\"https:\/\/www.researchgate.net\/profile\/Ahmed_El_Bakkali\" target=\"_blank\">Ahmed El Bakkali<\/a> du CRRA-Mekn\u00e8s, Lhassane Sikaoui et <a href=\"https:\/\/www.researchgate.net\/profile\/Hayat_Zaher2\" target=\"_blank\">Hayat Zaher<\/a> du CRRA-Marrakech.<\/p>\n<p>Le projet OliveMed, coordonn\u00e9 par l\u2019<a href=\"https:\/\/umr-agap.cirad.fr\" target=\"_blank\">UMR AGAP Montpellier<\/a> sous la responsabilit\u00e9 du <a href=\"https:\/\/www.researchgate.net\/profile\/Bouchaib_Khadari\" target=\"_blank\">Dr. Khadari Bouchaib<\/a> (chercheur associ\u00e9 \u00e0 l\u2019<a href=\"www.inra.fr\" target=\"_blank\">INRA-France<\/a>), implique plusieurs partenaires dont principalement l\u2019INRA Maroc qui a particip\u00e9 \u00e0 cette manifestation en tant que partenaire principal.<\/p>\n<p>Le workshop auquel ont contribu\u00e9 une trentaine de personnes des deux c\u00f4t\u00e9s marocains et fran\u00e7ais \u00e9tait une occasion pour :<\/p>\n<ul>\n<li>Discuter le bilan des travaux r\u00e9alis\u00e9s, dans le cadre du projet OliveMed, entre l\u2019INRA-Maroc et l\u2019INRA-France dans le domaine de la recherche sur l\u2019olivier et la valorisation des ressources g\u00e9n\u00e9tiques.<\/li>\n<li>Signer un <a href=\"http:\/\/inrameknes.info\/wp-content\/uploads\/2019\/12\/PROTOCOLE-D-ACCORD-olivier-INRA-Maroc-INRA-France-SupAgro-Montpellier-CNBMed_PNPC.pdf\" target=\"_blank\">protocole d\u2019accord de collaboration\u00a0sur l\u2019olivier<\/a>\u00a0 entre l\u2019<a href=\"https:\/\/www.inra.org.ma\" target=\"_blank\">INRA-Maroc<\/a>, l\u2019I<a href=\"www.inra.fr\" target=\"_blank\">NRA-France<\/a>, le\n<div id=\"attachment_2965\" style=\"width: 310px\" class=\"wp-caption alignright\"><a href=\"http:\/\/inrameknes.info\/wp-content\/uploads\/2019\/12\/Dr-Bekkaoui-signant-la-convention.jpg\"><img loading=\"lazy\" decoding=\"async\" aria-describedby=\"caption-attachment-2965\" class=\"size-medium wp-image-2965\" src=\"http:\/\/inrameknes.info\/wp-content\/uploads\/2019\/12\/Dr-Bekkaoui-signant-la-convention-300x169.jpg\" alt=\"Dr Faouzi Bekkaoui signant le protocole d\u2019accord INRA Marco\/INRA France\/ SupAgro-Montpelier\/ CNBMed\/PNPC-France\" width=\"300\" height=\"169\" srcset=\"http:\/\/inrameknes.info\/wp-content\/uploads\/2019\/12\/Dr-Bekkaoui-signant-la-convention-300x169.jpg 300w, http:\/\/inrameknes.info\/wp-content\/uploads\/2019\/12\/Dr-Bekkaoui-signant-la-convention-1024x579.jpg 1024w, http:\/\/inrameknes.info\/wp-content\/uploads\/2019\/12\/Dr-Bekkaoui-signant-la-convention.jpg 1500w\" sizes=\"auto, (max-width: 300px) 100vw, 300px\" \/><\/a><p id=\"caption-attachment-2965\" class=\"wp-caption-text\">Dr Faouzi Bekkaoui signant le protocole d\u2019accord INRA Marco\/INRA France\/ SupAgro-Montpelier\/ CNBMed\/PNPC-France<\/p><\/div>\n<p><a href=\"https:\/\/www.montpellier-supagro.fr\" target=\"_blank\">SupAgro-Montpellier<\/a> et le <a title=\"Parc national de Port-Cros - Conservatoire Botanique National M\u00e9diterran\u00e9en de Porquerolles\" href=\"https:\/\/metropoletpm.fr\/grands-projets\/article\/parc-national-de-port-cros-conservatoire-botanique-national-mediterraneen-de\" target=\"_blank\">CBNMed\/PNPC<\/a> (photo ci-contre).<\/li>\n<li>Discuter les axes de recherche d\u2019un nouveau projet en cours de montage portant sur \u00ab Diversit\u00e9 des vari\u00e9t\u00e9s d\u2019olivier, des syst\u00e8mes de culture ol\u00e9icoles et des march\u00e9s face au changement climatique \u00bb qui sera soumis pour un co-financement \u00e0 la fondation Agropolis et l\u2019Acad\u00e9mie des Sciences et Techniques Hassan II.<\/li>\n<\/ul>\n<p><!--more--><\/p>\n<p>En plus de la participation de l\u2019INRA, cet \u00e9v\u00e9nement a connu la pr\u00e9sence du c\u00f4t\u00e9 marocain du <a href=\"https:\/\/www.researchgate.net\/profile\/Filali-Maltouf_Abdelkarim\" target=\"_blank\">Prof. Karim Filali-Maltouf <\/a>(Professeur \u00e0 la facult\u00e9 des Sciences de Rabat et repr\u00e9sentant de l\u2019Acad\u00e9mie des Sciences et Techniques Hassan II \/ Consortium Universit\u00e9s Maroc). <a href=\"www.internationaloliveoil.org%20\u203a ...\" target=\"_blank\">Le conseil Ol\u00e9icole International<\/a> \u00e9tait pr\u00e9sent \u00e0 cet \u00e9v\u00e9nement repr\u00e9sent\u00e9 par Mr. Adi Abdelkrim (Chef de l\u2019Unit\u00e9 Ol\u00e9iculture, Ol\u00e9otechnie et Environnement) et la <a href=\"http:\/\/www.agropolis-fondation.fr\/Le-Labex-Agronomie-et-Developpement-Durable\" target=\"_blank\">Fondation Agropolis \/ Labex Agro<\/a> par sa directrice Marie-Christine Cormier-Salem et Oliver Oliveros (directeur-D\u00e9l\u00e9gu\u00e9, Partenariat et coop\u00e9ration internationale). Plusieurs chercheurs fran\u00e7ais de diff\u00e9rents UMR ont pris part \u00e0 cette rencontre (UMR AGAP, UMR CEFE, UMR MOISA) en plus du CBNMed-PNPC (Sylvia Lochon-Menseau).<\/p>\n<p>A cette occasion, des visites \u00e0 plusieurs plateformes \u00e0 Montpellier ont \u00e9t\u00e9 organis\u00e9es dont :<\/p>\n<ul>\n<li>Le b\u00e2timent ARCAD \u00ab Centre national pour la conservation et la caract\u00e9risation des ressources g\u00e9n\u00e9tiques v\u00e9g\u00e9tales \u00bb et dont les explications, de toutes les \u00e9tapes depuis la <a href=\"http:\/\/inrameknes.info\/wp-content\/uploads\/2019\/12\/Photo-de-groupe.jpg\"><img loading=\"lazy\" decoding=\"async\" class=\"alignright size-medium wp-image-2971\" src=\"http:\/\/inrameknes.info\/wp-content\/uploads\/2019\/12\/Photo-de-groupe-300x163.jpg\" alt=\"\" width=\"300\" height=\"163\" srcset=\"http:\/\/inrameknes.info\/wp-content\/uploads\/2019\/12\/Photo-de-groupe-300x163.jpg 300w, http:\/\/inrameknes.info\/wp-content\/uploads\/2019\/12\/Photo-de-groupe-1024x558.jpg 1024w\" sizes=\"auto, (max-width: 300px) 100vw, 300px\" \/><\/a>r\u00e9ception du mat\u00e9riel jusqu\u2019\u00e0 la conservation des graines en passant par les tests d\u2019analyses r\u00e9alis\u00e9es, ont \u00e9t\u00e9 pr\u00e9sent\u00e9es par J.M. Prosperie (chercheur \u00e0 l\u2019INRA-Montpellier).<\/li>\n<li>Le Grand Plateau Technique R\u00e9gional de G\u00e9notypage (GPTR genotypage) et dont les explications des outils et m\u00e9thodes adopt\u00e9es au plateau ont \u00e9t\u00e9 faites par Pierre Mournet (Chercheur au CIRAD).<\/li>\n<li>La serre Ultra-moderne AbioPhen au CIRAD construite dans le but d\u2019\u00e9tudier l\u2019impact du changement climatique sur la croissance des plantes en termes de plusieurs param\u00e8tres particuli\u00e8rement l\u2019augmentation du CO2. La visite \u00e9t\u00e9 guid\u00e9e par Denis Fabre (\u00e9cophysiologiste de l\u2019UMR AGAP au CIRAD) qui a pr\u00e9sent\u00e9 les atouts de la serre pour les programmes conduits au CIRAD.<\/li>\n<li>La serre M\u00e9ditrop au CIRAD guid\u00e9e par Magalie Delalande (chercheuse \u00e0 l\u2019UMR AGAP au CIRAD).<\/li>\n<\/ul>\n<p>&#8212;&#8212;&#8212;&#8212;&#8212;&#8212;&#8212;-<\/p>\n<p>Source : Rapport de Dr A. El Bakkali (chercheur, URAPCRG &#8211; CRRA Mekn\u00e8s).<\/p>\n","protected":false},"excerpt":{"rendered":"<p>Une d\u00e9l\u00e9gation INRA Maroc conduite par Dr Faouzi Bekkaoui, Directeur de l\u2019INRA, a pris part \u00e0 l\u2019atelier de cl\u00f4ture du projet OliveMed N\u00b0 1202-066 \u00ab Linking genes under domestication to phenotype traits in the Mediterranean olive tree: towards sustainable management &hellip; <a href=\"http:\/\/inrameknes.info\/?p=2962\">Continuer la lecture <span class=\"meta-nav\">&rarr;<\/span><\/a><\/p>\n","protected":false},"author":1,"featured_media":0,"comment_status":"closed","ping_status":"closed","sticky":false,"template":"","format":"standard","meta":{"footnotes":""},"categories":[1,82],"tags":[503,251,580,588,835,429,163],"class_list":["post-2962","post","type-post","status-publish","format-standard","hentry","category-non-classe","category-seminaires","tag-amelioration-des-plantes","tag-atelier","tag-el-bakkali","tag-faouzi-bekkaoui","tag-olivier","tag-seminaire","tag-urapcrg"],"_links":{"self":[{"href":"http:\/\/inrameknes.info\/index.php?rest_route=\/wp\/v2\/posts\/2962","targetHints":{"allow":["GET"]}}],"collection":[{"href":"http:\/\/inrameknes.info\/index.php?rest_route=\/wp\/v2\/posts"}],"about":[{"href":"http:\/\/inrameknes.info\/index.php?rest_route=\/wp\/v2\/types\/post"}],"author":[{"embeddable":true,"href":"http:\/\/inrameknes.info\/index.php?rest_route=\/wp\/v2\/users\/1"}],"replies":[{"embeddable":true,"href":"http:\/\/inrameknes.info\/index.php?rest_route=%2Fwp%2Fv2%2Fcomments&post=2962"}],"version-history":[{"count":11,"href":"http:\/\/inrameknes.info\/index.php?rest_route=\/wp\/v2\/posts\/2962\/revisions"}],"predecessor-version":[{"id":2978,"href":"http:\/\/inrameknes.info\/index.php?rest_route=\/wp\/v2\/posts\/2962\/revisions\/2978"}],"wp:attachment":[{"href":"http:\/\/inrameknes.info\/index.php?rest_route=%2Fwp%2Fv2%2Fmedia&parent=2962"}],"wp:term":[{"taxonomy":"category","embeddable":true,"href":"http:\/\/inrameknes.info\/index.php?rest_route=%2Fwp%2Fv2%2Fcategories&post=2962"},{"taxonomy":"post_tag","embeddable":true,"href":"http:\/\/inrameknes.info\/index.php?rest_route=%2Fwp%2Fv2%2Ftags&post=2962"}],"curies":[{"name":"wp","href":"https:\/\/api.w.org\/{rel}","templated":true}]}}