{"id":2842,"date":"2019-10-01T16:39:06","date_gmt":"2019-10-01T15:39:06","guid":{"rendered":"http:\/\/inrameknes.info\/?p=2842"},"modified":"2019-10-03T16:43:25","modified_gmt":"2019-10-03T15:43:25","slug":"article-scientifique-evaluation-de-la-diversite-genetique-dune-collection-de-figuier-ficus-carica-l-au-maroc-par-lassociation-des-descripteurs-morphologiques-et-physico-chimique","status":"publish","type":"post","link":"http:\/\/inrameknes.info\/?p=2842","title":{"rendered":"Article scientifique : \u00c9valuation de la diversit\u00e9 g\u00e9n\u00e9tique d\u2019une collection de figuier (Ficus carica L.) au Maroc par l\u2019association des descripteurs morphologiques et physico-chimiques."},"content":{"rendered":"<p><strong><a href=\"http:\/\/inrameknes.info\/wp-content\/uploads\/2019\/10\/10722.jpg\"><img loading=\"lazy\" decoding=\"async\" class=\"alignleft wp-image-2843 size-thumbnail\" src=\"http:\/\/inrameknes.info\/wp-content\/uploads\/2019\/10\/10722-e1570117248100-110x150.jpg\" alt=\"\" width=\"110\" height=\"150\" \/><\/a>Intitul\u00e9\u00a0<\/strong>: Assessment of genetic diversity in Moroccan fig (Ficus carica L.) collection by combining morphological and physicochemical descriptors<\/p>\n<p>(<strong>Fr\u00a0<\/strong>: \u00c9valuation de la diversit\u00e9 g\u00e9n\u00e9tique d\u2019une collection de figuier (Ficus carica L.) au Maroc par l\u2019association des descripteurs morphologiques et physico-chimiques)<\/p>\n<p><strong>Auteurs\u00a0<\/strong>: Hssaini L.(1), Hanine(2), Razouk R.(1), Ennahli A.(3), Mekaoui A.(1), Ejjilani A.(1,2) et Charafi J.(1).<\/p>\n<p>(1) INRA CRRA Mekn\u00e8s \u2013 (2) <a href=\"www.fstbm.ac.ma\" target=\"_blank\">FST Beni Mellal<\/a> \u2013 (3) <a href=\"www.enameknes.ac.ma\" target=\"_blank\">ENA Mekn\u00e8s<\/a><\/p>\n<p><strong>Journal\u00a0<\/strong>: <a href=\"https:\/\/link.springer.com\/journal\/10722\" target=\"_blank\">Genetic Resources and Crop Evolution, Springer,<\/a> Oct. 2019<\/p>\n<p><a href=\"https:\/\/doi.org\/10.1007\/s10722-019-00838-x\" target=\"_blank\"><strong>R\u00e9sum\u00e9 de l\u2019article<\/strong><\/a><\/p>\n","protected":false},"excerpt":{"rendered":"<p>Intitul\u00e9\u00a0: Assessment of genetic diversity in Moroccan fig (Ficus carica L.) collection by combining morphological and physicochemical descriptors (Fr\u00a0: \u00c9valuation de la diversit\u00e9 g\u00e9n\u00e9tique d\u2019une collection de figuier (Ficus carica L.) au Maroc par l\u2019association des descripteurs morphologiques et physico-chimiques) &hellip; <a href=\"http:\/\/inrameknes.info\/?p=2842\">Continuer la lecture <span class=\"meta-nav\">&rarr;<\/span><\/a><\/p>\n","protected":false},"author":1,"featured_media":0,"comment_status":"closed","ping_status":"closed","sticky":false,"template":"","format":"standard","meta":{"footnotes":""},"categories":[85,9],"tags":[54,73,499,37,102,101,845,163,99],"class_list":["post-2842","post","type-post","status-publish","format-standard","hentry","category-articles-scientifiques","category-publications","tag-amelioration-genetique","tag-article-scientifique","tag-charafi","tag-figuier","tag-hssaini","tag-mekkaoui","tag-razouk","tag-urapcrg","tag-urapv"],"_links":{"self":[{"href":"http:\/\/inrameknes.info\/index.php?rest_route=\/wp\/v2\/posts\/2842","targetHints":{"allow":["GET"]}}],"collection":[{"href":"http:\/\/inrameknes.info\/index.php?rest_route=\/wp\/v2\/posts"}],"about":[{"href":"http:\/\/inrameknes.info\/index.php?rest_route=\/wp\/v2\/types\/post"}],"author":[{"embeddable":true,"href":"http:\/\/inrameknes.info\/index.php?rest_route=\/wp\/v2\/users\/1"}],"replies":[{"embeddable":true,"href":"http:\/\/inrameknes.info\/index.php?rest_route=%2Fwp%2Fv2%2Fcomments&post=2842"}],"version-history":[{"count":2,"href":"http:\/\/inrameknes.info\/index.php?rest_route=\/wp\/v2\/posts\/2842\/revisions"}],"predecessor-version":[{"id":2845,"href":"http:\/\/inrameknes.info\/index.php?rest_route=\/wp\/v2\/posts\/2842\/revisions\/2845"}],"wp:attachment":[{"href":"http:\/\/inrameknes.info\/index.php?rest_route=%2Fwp%2Fv2%2Fmedia&parent=2842"}],"wp:term":[{"taxonomy":"category","embeddable":true,"href":"http:\/\/inrameknes.info\/index.php?rest_route=%2Fwp%2Fv2%2Fcategories&post=2842"},{"taxonomy":"post_tag","embeddable":true,"href":"http:\/\/inrameknes.info\/index.php?rest_route=%2Fwp%2Fv2%2Ftags&post=2842"}],"curies":[{"name":"wp","href":"https:\/\/api.w.org\/{rel}","templated":true}]}}