{"id":2831,"date":"2019-09-27T17:25:33","date_gmt":"2019-09-27T16:25:33","guid":{"rendered":"http:\/\/inrameknes.info\/?p=2831"},"modified":"2019-09-27T17:26:30","modified_gmt":"2019-09-27T16:26:30","slug":"reunion-du-comite-regional-de-coordination-du-conseil-agricole","status":"publish","type":"post","link":"http:\/\/inrameknes.info\/?p=2831","title":{"rendered":"R\u00e9union du Comit\u00e9 r\u00e9gional de coordination du conseil agricole"},"content":{"rendered":"<p><a href=\"http:\/\/inrameknes.info\/wp-content\/uploads\/2019\/09\/Photo-CRCCA.jpg\"><img loading=\"lazy\" decoding=\"async\" class=\"aligncenter size-full wp-image-2832\" src=\"http:\/\/inrameknes.info\/wp-content\/uploads\/2019\/09\/Photo-CRCCA.jpg\" alt=\"\" width=\"700\" height=\"361\" srcset=\"http:\/\/inrameknes.info\/wp-content\/uploads\/2019\/09\/Photo-CRCCA.jpg 700w, http:\/\/inrameknes.info\/wp-content\/uploads\/2019\/09\/Photo-CRCCA-300x154.jpg 300w\" sizes=\"auto, (max-width: 700px) 100vw, 700px\" \/><\/a>Une r\u00e9union du Comit\u00e9 r\u00e9gional F\u00e8s-Mekn\u00e8s de coordination du conseil agricole s&rsquo;est tenue cette matin\u00e9e du vendredi 27 septembre 2019 au si\u00e8ge du CRRA Mekn\u00e8s sous la pr\u00e9sidence de Dr Abderrahim Benta\u00efbi, Chef du CRRA Mekn\u00e8s.<\/p>\n<p>Y ont pris part des repr\u00e9sentantEs des diff\u00e9rentes institutions et organismes publiques r\u00e9gionaux sous tutelle du D\u00e9partement de l&rsquo;Agriculture en vue de discuter des modalit\u00e9s de coordination et d&rsquo;action commune en mati\u00e8re de conseil agricole dans la r\u00e9gion F\u00e8s-Mekn\u00e8s.<\/p>\n<p>Les participantEs ont d&rsquo;abord suivi un expos\u00e9 au sujet des programmes et activit\u00e9s de recherche, de recherche-d\u00e9veloppement et de transfert de technologie du CRRA Mekn\u00e8s donn\u00e9 par Mr Abderrahim Essahat (SRD &#8211; CRRA Mekn\u00e8s), avant de lancer un d\u00e9bat anim\u00e9 autour de l&rsquo;harmonisation des activit\u00e9s communes ayant trait au conseil agricole. Les repr\u00e9sentantEs de l&rsquo;ONCA F\u00e8s Mekn\u00e8s, de la DRA F\u00e8s-Mekn\u00e8s, de la Chambre d&rsquo;Agriculture de la R\u00e9gion F\u00e8s-Mekn\u00e8s et de l&rsquo;INRA (CRRA Mekn\u00e8s) ont ainsi renouvel\u00e9 leur engagement pour consolider et d\u00e9velopper cette initiative novatrice au profit du d\u00e9veloppement agricole de la r\u00e9gion.<\/p>\n<p>Il est \u00e0 pr\u00e9ciser que ce comit\u00e9 de coordination est une innovation r\u00e9gionale lanc\u00e9e \u00e0 l&rsquo;initiative de l&rsquo;ONCA F\u00e8s-Mekn\u00e8s.<\/p>\n","protected":false},"excerpt":{"rendered":"<p>Une r\u00e9union du Comit\u00e9 r\u00e9gional F\u00e8s-Mekn\u00e8s de coordination du conseil agricole s&rsquo;est tenue cette matin\u00e9e du vendredi 27 septembre 2019 au si\u00e8ge du CRRA Mekn\u00e8s sous la pr\u00e9sidence de Dr Abderrahim Benta\u00efbi, Chef du CRRA Mekn\u00e8s. Y ont pris part &hellip; <a href=\"http:\/\/inrameknes.info\/?p=2831\">Continuer la lecture <span class=\"meta-nav\">&rarr;<\/span><\/a><\/p>\n","protected":false},"author":1,"featured_media":0,"comment_status":"closed","ping_status":"closed","sticky":false,"template":"","format":"standard","meta":{"footnotes":""},"categories":[11],"tags":[621,620,134,361,338],"class_list":["post-2831","post","type-post","status-publish","format-standard","hentry","category-actualites","tag-chambre-dagriculture-fes-meknes","tag-comite-regional","tag-conseil-agricole","tag-dra-fes-meknes","tag-onca-fes-meknes"],"_links":{"self":[{"href":"http:\/\/inrameknes.info\/index.php?rest_route=\/wp\/v2\/posts\/2831","targetHints":{"allow":["GET"]}}],"collection":[{"href":"http:\/\/inrameknes.info\/index.php?rest_route=\/wp\/v2\/posts"}],"about":[{"href":"http:\/\/inrameknes.info\/index.php?rest_route=\/wp\/v2\/types\/post"}],"author":[{"embeddable":true,"href":"http:\/\/inrameknes.info\/index.php?rest_route=\/wp\/v2\/users\/1"}],"replies":[{"embeddable":true,"href":"http:\/\/inrameknes.info\/index.php?rest_route=%2Fwp%2Fv2%2Fcomments&post=2831"}],"version-history":[{"count":2,"href":"http:\/\/inrameknes.info\/index.php?rest_route=\/wp\/v2\/posts\/2831\/revisions"}],"predecessor-version":[{"id":2834,"href":"http:\/\/inrameknes.info\/index.php?rest_route=\/wp\/v2\/posts\/2831\/revisions\/2834"}],"wp:attachment":[{"href":"http:\/\/inrameknes.info\/index.php?rest_route=%2Fwp%2Fv2%2Fmedia&parent=2831"}],"wp:term":[{"taxonomy":"category","embeddable":true,"href":"http:\/\/inrameknes.info\/index.php?rest_route=%2Fwp%2Fv2%2Fcategories&post=2831"},{"taxonomy":"post_tag","embeddable":true,"href":"http:\/\/inrameknes.info\/index.php?rest_route=%2Fwp%2Fv2%2Ftags&post=2831"}],"curies":[{"name":"wp","href":"https:\/\/api.w.org\/{rel}","templated":true}]}}