{"id":2705,"date":"2019-06-19T12:14:46","date_gmt":"2019-06-19T11:14:46","guid":{"rendered":"http:\/\/inrameknes.info\/?p=2705"},"modified":"2019-06-19T12:16:43","modified_gmt":"2019-06-19T11:16:43","slug":"des-etudiantes-du-complexe-horticole-dagadir-en-visite-au-crra-meknes","status":"publish","type":"post","link":"http:\/\/inrameknes.info\/?p=2705","title":{"rendered":"Des \u00e9tudiantEs du Complexe Horticole d\u2019Agadir en visite au CRRA Mekn\u00e8s"},"content":{"rendered":"<div id=\"attachment_2708\" style=\"width: 310px\" class=\"wp-caption alignleft\"><a href=\"http:\/\/inrameknes.info\/wp-content\/uploads\/2019\/06\/EtudiantEs-du-Complexe-Horticole-dAgadir-au-CRRA-Mekn\u00e8s-19-juin-20191.jpg\"><img loading=\"lazy\" decoding=\"async\" aria-describedby=\"caption-attachment-2708\" class=\"size-medium wp-image-2708\" src=\"http:\/\/inrameknes.info\/wp-content\/uploads\/2019\/06\/EtudiantEs-du-Complexe-Horticole-dAgadir-au-CRRA-Mekn\u00e8s-19-juin-20191-300x126.jpg\" alt=\"EtudiantEs du Complexe Horticole d'Agadir au CRRA Mekn\u00e8s - 19 juin 2019\" width=\"300\" height=\"126\" srcset=\"http:\/\/inrameknes.info\/wp-content\/uploads\/2019\/06\/EtudiantEs-du-Complexe-Horticole-dAgadir-au-CRRA-Mekn\u00e8s-19-juin-20191-300x126.jpg 300w, http:\/\/inrameknes.info\/wp-content\/uploads\/2019\/06\/EtudiantEs-du-Complexe-Horticole-dAgadir-au-CRRA-Mekn\u00e8s-19-juin-20191.jpg 877w\" sizes=\"auto, (max-width: 300px) 100vw, 300px\" \/><\/a><p id=\"caption-attachment-2708\" class=\"wp-caption-text\">EtudiantEs du Complexe Horticole d&rsquo;Agadir au CRRA Mekn\u00e8s &#8211; 19 juin 2019<\/p><\/div>\n<p>Une quarantaine d\u2019\u00e9tudiantEs de la 1<sup>\u00e8re<\/sup> ann\u00e9e ing\u00e9nieur du <a href=\"www.iav.ac.ma\/?page_id=5529\" target=\"_blank\">Complexe Horticole d\u2019Agadir<\/a> (<a href=\"www.iav.ac.ma\" target=\"_blank\">IAV Hassan II<\/a>) visitent le CRRA Mekn\u00e8s ce mercredi 19 juin 2019 dans le cadre d\u2019un voyage d&rsquo;\u00e9tude organis\u00e9 dans le but d&rsquo;amener les \u00e9tudiantEs \u00e0 appr\u00e9hender le d\u00e9veloppement agricole en fonction des biotopes p\u00e9doclimatiques ainsi que les efforts entrepris par l&rsquo;INRA en mati\u00e8re de recherche scientifique agricole.<\/p>\n<p>Les vsiteurSEs, encadr\u00e9Es par Pr Isma\u00efli Moulay Chrif (IAV Hassan II \u2013 Agadir), ont suivi une pr\u00e9sentation du CRRA Mekn\u00e8s donn\u00e9e par Mr Ali Mamouni (SRD \u2013 CRRA Mekn\u00e8s) et ont ensuite \u00e9t\u00e9 re\u00e7uEs au niveau des diff\u00e9rents laboratoires de recherche du Centre.<\/p>\n","protected":false},"excerpt":{"rendered":"<p>Une quarantaine d\u2019\u00e9tudiantEs de la 1\u00e8re ann\u00e9e ing\u00e9nieur du Complexe Horticole d\u2019Agadir (IAV Hassan II) visitent le CRRA Mekn\u00e8s ce mercredi 19 juin 2019 dans le cadre d\u2019un voyage d&rsquo;\u00e9tude organis\u00e9 dans le but d&rsquo;amener les \u00e9tudiantEs \u00e0 appr\u00e9hender le &hellip; <a href=\"http:\/\/inrameknes.info\/?p=2705\">Continuer la lecture <span class=\"meta-nav\">&rarr;<\/span><\/a><\/p>\n","protected":false},"author":1,"featured_media":0,"comment_status":"closed","ping_status":"closed","sticky":false,"template":"","format":"standard","meta":{"footnotes":""},"categories":[116],"tags":[],"class_list":["post-2705","post","type-post","status-publish","format-standard","hentry","category-visite"],"_links":{"self":[{"href":"http:\/\/inrameknes.info\/index.php?rest_route=\/wp\/v2\/posts\/2705","targetHints":{"allow":["GET"]}}],"collection":[{"href":"http:\/\/inrameknes.info\/index.php?rest_route=\/wp\/v2\/posts"}],"about":[{"href":"http:\/\/inrameknes.info\/index.php?rest_route=\/wp\/v2\/types\/post"}],"author":[{"embeddable":true,"href":"http:\/\/inrameknes.info\/index.php?rest_route=\/wp\/v2\/users\/1"}],"replies":[{"embeddable":true,"href":"http:\/\/inrameknes.info\/index.php?rest_route=%2Fwp%2Fv2%2Fcomments&post=2705"}],"version-history":[{"count":4,"href":"http:\/\/inrameknes.info\/index.php?rest_route=\/wp\/v2\/posts\/2705\/revisions"}],"predecessor-version":[{"id":2711,"href":"http:\/\/inrameknes.info\/index.php?rest_route=\/wp\/v2\/posts\/2705\/revisions\/2711"}],"wp:attachment":[{"href":"http:\/\/inrameknes.info\/index.php?rest_route=%2Fwp%2Fv2%2Fmedia&parent=2705"}],"wp:term":[{"taxonomy":"category","embeddable":true,"href":"http:\/\/inrameknes.info\/index.php?rest_route=%2Fwp%2Fv2%2Fcategories&post=2705"},{"taxonomy":"post_tag","embeddable":true,"href":"http:\/\/inrameknes.info\/index.php?rest_route=%2Fwp%2Fv2%2Ftags&post=2705"}],"curies":[{"name":"wp","href":"https:\/\/api.w.org\/{rel}","templated":true}]}}