{"id":2599,"date":"2019-03-11T12:15:27","date_gmt":"2019-03-11T11:15:27","guid":{"rendered":"http:\/\/inrameknes.info\/?p=2599"},"modified":"2019-04-11T12:22:10","modified_gmt":"2019-04-11T11:22:10","slug":"article-semence-de-pomme-de-terre-jusqua-quand-nous-resterons-dependants-de-letranger","status":"publish","type":"post","link":"http:\/\/inrameknes.info\/?p=2599","title":{"rendered":"Article : Semence de pomme de terre, jusqu&rsquo;\u00e0 quand nous resterons d\u00e9pendants de l&rsquo;\u00e9tranger ?"},"content":{"rendered":"<div id=\"attachment_2600\" style=\"width: 610px\" class=\"wp-caption aligncenter\"><a href=\"http:\/\/inrameknes.info\/wp-content\/uploads\/2019\/04\/Achbani-Semence-PT-Agric-Maghreb-Fev-2019-001.jpg\"><img loading=\"lazy\" decoding=\"async\" aria-describedby=\"caption-attachment-2600\" class=\"size-full wp-image-2600\" src=\"http:\/\/inrameknes.info\/wp-content\/uploads\/2019\/04\/Achbani-Semence-PT-Agric-Maghreb-Fev-2019-001.jpg\" alt=\"R\u00e9sum\u00e9 de l'article publi\u00e9 par Dr El Hassan Achbani (CRRA Mekn\u00e8s) dans &quot;Agriculture du Maghreb&quot; (F\u00e9v. 2019, pp. 98-99)\" width=\"600\" height=\"786\" srcset=\"http:\/\/inrameknes.info\/wp-content\/uploads\/2019\/04\/Achbani-Semence-PT-Agric-Maghreb-Fev-2019-001.jpg 600w, http:\/\/inrameknes.info\/wp-content\/uploads\/2019\/04\/Achbani-Semence-PT-Agric-Maghreb-Fev-2019-001-229x300.jpg 229w\" sizes=\"auto, (max-width: 600px) 100vw, 600px\" \/><\/a><p id=\"caption-attachment-2600\" class=\"wp-caption-text\">R\u00e9sum\u00e9 de l&rsquo;article publi\u00e9 par Dr El Hassan Achbani (CRRA Mekn\u00e8s) dans <a href=\"http:\/\/www.agri-mag.com\/2019\/02\/agri-mag-n117-fevrier-2019\/\" target=\"_blank\">\u00ab\u00a0Agriculture du Maghreb\u00a0\u00bb n\u00b0 117<\/a> (F\u00e9v. 2019, pp. 98-99)<\/p><\/div>\n","protected":false},"excerpt":{"rendered":"","protected":false},"author":1,"featured_media":0,"comment_status":"closed","ping_status":"closed","sticky":false,"template":"","format":"standard","meta":{"footnotes":""},"categories":[103,584],"tags":[586,838,849,81,434,144],"class_list":["post-2599","post","type-post","status-publish","format-standard","hentry","category-agriculture-du-maghreb","category-maraichages","tag-achabni","tag-agriculture-du-maghreb","tag-maraichages","tag-pomme-de-terre","tag-presse-specialisee","tag-urpp"],"_links":{"self":[{"href":"http:\/\/inrameknes.info\/index.php?rest_route=\/wp\/v2\/posts\/2599","targetHints":{"allow":["GET"]}}],"collection":[{"href":"http:\/\/inrameknes.info\/index.php?rest_route=\/wp\/v2\/posts"}],"about":[{"href":"http:\/\/inrameknes.info\/index.php?rest_route=\/wp\/v2\/types\/post"}],"author":[{"embeddable":true,"href":"http:\/\/inrameknes.info\/index.php?rest_route=\/wp\/v2\/users\/1"}],"replies":[{"embeddable":true,"href":"http:\/\/inrameknes.info\/index.php?rest_route=%2Fwp%2Fv2%2Fcomments&post=2599"}],"version-history":[{"count":2,"href":"http:\/\/inrameknes.info\/index.php?rest_route=\/wp\/v2\/posts\/2599\/revisions"}],"predecessor-version":[{"id":2602,"href":"http:\/\/inrameknes.info\/index.php?rest_route=\/wp\/v2\/posts\/2599\/revisions\/2602"}],"wp:attachment":[{"href":"http:\/\/inrameknes.info\/index.php?rest_route=%2Fwp%2Fv2%2Fmedia&parent=2599"}],"wp:term":[{"taxonomy":"category","embeddable":true,"href":"http:\/\/inrameknes.info\/index.php?rest_route=%2Fwp%2Fv2%2Fcategories&post=2599"},{"taxonomy":"post_tag","embeddable":true,"href":"http:\/\/inrameknes.info\/index.php?rest_route=%2Fwp%2Fv2%2Ftags&post=2599"}],"curies":[{"name":"wp","href":"https:\/\/api.w.org\/{rel}","templated":true}]}}