{"id":2563,"date":"2019-04-02T11:45:36","date_gmt":"2019-04-02T10:45:36","guid":{"rendered":"http:\/\/inrameknes.info\/?p=2563"},"modified":"2019-04-02T11:53:33","modified_gmt":"2019-04-02T10:53:33","slug":"atelier-de-lancement-du-projet-mediterraneen-resilience-des-arbres-fruitiers-au-changement-climatique-dans-le-bassin-mediterraneen-prima-freeclimb-meknes-le-1er-et-2-avril-2019","status":"publish","type":"post","link":"http:\/\/inrameknes.info\/?p=2563","title":{"rendered":"Atelier de lancement du projet m\u00e9diterran\u00e9en \u00abR\u00e9silience des arbres fruitiers au changement climatique dans le bassin m\u00e9diterran\u00e9en (PRIMA-FREECLIMB)\u00bb"},"content":{"rendered":"<p><a href=\"http:\/\/inrameknes.info\/wp-content\/uploads\/2019\/03\/Affiche-R\u00e9duite.jpg\"><img loading=\"lazy\" decoding=\"async\" class=\"alignleft wp-image-2564 size-thumbnail\" src=\"http:\/\/inrameknes.info\/wp-content\/uploads\/2019\/03\/Affiche-R\u00e9duite-e1554201493456-110x150.jpg\" alt=\"\" width=\"110\" height=\"150\" \/><\/a>Le CRRA Mekn\u00e8s accueille l\u2019atelier de lancement du projet international \u00ab<a href=\"https:\/\/sites.unimi.it\/primafreeclimb\/venue\/\" target=\"_blank\"><strong>R\u00e9silience des arbres fruitiers au changement climatique dans le bassin m\u00e9diterran\u00e9en (PRIMA-FREECLIMB)<\/strong><\/a>\u00bb qui se d\u00e9roule \u00e0 Mekn\u00e8s du 1<sup>er<\/sup> au 2 avril 2019 avec la participation de 24 chercheuses et chercheurs de 15 organismes m\u00e9diterran\u00e9ens.<\/p>\n<p>Dr Faouzi Bekkaoui, Directeur de l\u2019INRA, a assur\u00e9 l\u2019ouverture de cette manifestation avec <a href=\"http:\/\/inrameknes.info\/wp-content\/uploads\/2019\/04\/IMG_7193-Copie.jpg\"><img loading=\"lazy\" decoding=\"async\" class=\"alignleft size-medium wp-image-2570\" src=\"http:\/\/inrameknes.info\/wp-content\/uploads\/2019\/04\/IMG_7193-Copie-300x99.jpg\" alt=\"\" width=\"300\" height=\"99\" srcset=\"http:\/\/inrameknes.info\/wp-content\/uploads\/2019\/04\/IMG_7193-Copie-300x99.jpg 300w, http:\/\/inrameknes.info\/wp-content\/uploads\/2019\/04\/IMG_7193-Copie-e1554202138349-150x49.jpg 150w, http:\/\/inrameknes.info\/wp-content\/uploads\/2019\/04\/IMG_7193-Copie.jpg 600w\" sizes=\"auto, (max-width: 300px) 100vw, 300px\" \/><\/a>une allocution en ligne suivie, en pr\u00e9sentiel, des mots de Dr Abderrahim Benta\u00efbi, Chef du CRRA Mekn\u00e8s, et du Dr Daniele Bassi (Italie, Coordinateur du projet).<!--more--><\/p>\n<p>Le projet <a href=\"https:\/\/sites.unimi.it\/primafreeclimb\/venue\/\" target=\"_blank\">FREECLIMB<\/a> s\u2019inscrit dans le cadre du \u00ab\u00a0<a href=\"http:\/\/prima-med.org\/\" target=\"_blank\">Partenariat pour la recherche et l\u2019innovation dans le bassin m\u00e9diterran\u00e9en (PRIMA)<\/a>\u00a0\u00bb auquel le Maroc adh\u00e8re. C&rsquo;est une initiative scientifique de collaboration Nord-Sud impliquant neuf pays des deux rives de la m\u00e9diterran\u00e9e : Maroc, Alg\u00e9rie, Tunisie, Turquie, Italie, Gr\u00e8ce, France et Espagne. L\u2019objectif vis\u00e9 est d\u2019am\u00e9liorer la r\u00e9silience et la durabilit\u00e9 des productions arboricoles dans le contexte du changement climatique \u00e0 travers l\u2019\u00e9tude des caract\u00e9ristiques fonctionnelles des arbres fruitiers et leurs m\u00e9canismes d\u2019adaptation aux stress biotiques et abiotiques. Les travaux de recherche \u00e9tal\u00e9s sur trois ann\u00e9es (2019 \u2013 2021) cibleront six esp\u00e8ces fruiti\u00e8res\u00a0: olivier, amandier, p\u00eacher, abricotier, vigne et agrumes.<\/p>\n<div id=\"attachment_2571\" style=\"width: 592px\" class=\"wp-caption alignleft\"><a href=\"http:\/\/inrameknes.info\/wp-content\/uploads\/2019\/04\/IMG_7248-Copie.jpg\"><img loading=\"lazy\" decoding=\"async\" aria-describedby=\"caption-attachment-2571\" class=\"wp-image-2571 size-full\" src=\"http:\/\/inrameknes.info\/wp-content\/uploads\/2019\/04\/IMG_7248-Copie-e1554201836512.jpg\" alt=\"Photo collective des participantEs\" width=\"582\" height=\"187\" srcset=\"http:\/\/inrameknes.info\/wp-content\/uploads\/2019\/04\/IMG_7248-Copie-e1554201836512.jpg 582w, http:\/\/inrameknes.info\/wp-content\/uploads\/2019\/04\/IMG_7248-Copie-e1554201836512-300x96.jpg 300w\" sizes=\"auto, (max-width: 582px) 100vw, 582px\" \/><\/a><p id=\"caption-attachment-2571\" class=\"wp-caption-text\">Photo\u00a0de groupe des participantEs<\/p><\/div>\n<p>Le staff du projet est constitu\u00e9 d\u2019expertEs et de comp\u00e9tences scientifiques compl\u00e9mentaires (g\u00e9n\u00e9ticiens, physiologistes, biochimistes, bio-informaticiens, pathologistes&#8230;) dont une \u00e9quipe de chercheurSEs de l\u2019Institut National de la Recherche Agronomique (centres r\u00e9gionaux de Mekn\u00e8s et de Marrakech) coordonn\u00e9e par <a href=\"https:\/\/www.researchgate.net\/profile\/Ahmed_El_Bakkali\" target=\"_blank\">Dr Ahmed El Bakkali<\/a> (<a href=\"http:\/\/inrameknes.info\/?page_id=151\" target=\"_blank\">URAPCRG &#8211; CRRA Mekn\u00e8s<\/a>).<\/p>\n<p>Il est \u00e0 noter que face \u00e0 une diminution des pr\u00e9cipitations et \u00e0 des temp\u00e9ratures de plus en plus \u00e9lev\u00e9es, l\u2019impact du changement climatique est devenu une pr\u00e9occupation majeure dans les travaux de recherche agronomique. En effet, le \u00ab\u00a0<a href=\"https:\/\/www.un.org\/fr\/sections\/nobel-peace-prize\/intergovernmental-panel-climate-change-ipcc-and-albert-arnold-al-gore-jr\/index.html\" target=\"_blank\">Groupe intergouvernemental d&rsquo;experts sur l&rsquo;\u00e9volution du climat (<em>GIEC<\/em>)<\/a>\u00a0\u00bb pr\u00e9voit des augmentations annuelles des temp\u00e9ratures et des diminutions sensibles des pr\u00e9cipitations en Afrique du Nord, au Moyen-Orient et au sud de l&rsquo;Espagne. \u00a0Les arbres fruitiers, extr\u00eamement vuln\u00e9rables au changement climatique, risquent de s\u2019en trouver fortement affect\u00e9s.<\/p>\n<p>Pour plus d\u2019information\u00a0: <a href=\"https:\/\/sites.unimi.it\/primafreeclimb\/venue\/\">https:\/\/sites.unimi.it\/primafreeclimb\/venue\/<\/a><\/p>\n","protected":false},"excerpt":{"rendered":"<p>Le CRRA Mekn\u00e8s accueille l\u2019atelier de lancement du projet international \u00abR\u00e9silience des arbres fruitiers au changement climatique dans le bassin m\u00e9diterran\u00e9en (PRIMA-FREECLIMB)\u00bb qui se d\u00e9roule \u00e0 Mekn\u00e8s du 1er au 2 avril 2019 avec la participation de 24 chercheuses et &hellip; <a href=\"http:\/\/inrameknes.info\/?p=2563\">Continuer la lecture <span class=\"meta-nav\">&rarr;<\/span><\/a><\/p>\n","protected":false},"author":1,"featured_media":0,"comment_status":"closed","ping_status":"closed","sticky":false,"template":"","format":"standard","meta":{"footnotes":""},"categories":[76,1,82],"tags":[836,56,580,579,520],"class_list":["post-2563","post","type-post","status-publish","format-standard","hentry","category-arboriculture-fruitiere","category-non-classe","category-seminaires","tag-arboriculture-fruitiere","tag-changement-climatique","tag-el-bakkali","tag-prima-freeclimb","tag-seminaire-scientifique"],"_links":{"self":[{"href":"http:\/\/inrameknes.info\/index.php?rest_route=\/wp\/v2\/posts\/2563","targetHints":{"allow":["GET"]}}],"collection":[{"href":"http:\/\/inrameknes.info\/index.php?rest_route=\/wp\/v2\/posts"}],"about":[{"href":"http:\/\/inrameknes.info\/index.php?rest_route=\/wp\/v2\/types\/post"}],"author":[{"embeddable":true,"href":"http:\/\/inrameknes.info\/index.php?rest_route=\/wp\/v2\/users\/1"}],"replies":[{"embeddable":true,"href":"http:\/\/inrameknes.info\/index.php?rest_route=%2Fwp%2Fv2%2Fcomments&post=2563"}],"version-history":[{"count":14,"href":"http:\/\/inrameknes.info\/index.php?rest_route=\/wp\/v2\/posts\/2563\/revisions"}],"predecessor-version":[{"id":2582,"href":"http:\/\/inrameknes.info\/index.php?rest_route=\/wp\/v2\/posts\/2563\/revisions\/2582"}],"wp:attachment":[{"href":"http:\/\/inrameknes.info\/index.php?rest_route=%2Fwp%2Fv2%2Fmedia&parent=2563"}],"wp:term":[{"taxonomy":"category","embeddable":true,"href":"http:\/\/inrameknes.info\/index.php?rest_route=%2Fwp%2Fv2%2Fcategories&post=2563"},{"taxonomy":"post_tag","embeddable":true,"href":"http:\/\/inrameknes.info\/index.php?rest_route=%2Fwp%2Fv2%2Ftags&post=2563"}],"curies":[{"name":"wp","href":"https:\/\/api.w.org\/{rel}","templated":true}]}}